{"id":59315,"date":"2023-10-13T09:08:34","date_gmt":"2023-10-13T09:08:34","guid":{"rendered":"https:\/\/rdnews.al\/?p=59315"},"modified":"2023-10-13T09:08:34","modified_gmt":"2023-10-13T09:08:34","slug":"rama-nuk-ka-tradhtuar-ai-eshte-besnik-i-kauzes-serbe-te-aleksander-vucic","status":"publish","type":"post","link":"https:\/\/rdnews.al\/index.php\/2023\/10\/13\/rama-nuk-ka-tradhtuar-ai-eshte-besnik-i-kauzes-serbe-te-aleksander-vucic\/","title":{"rendered":"Rama nuk ka tradhtuar! Ai \u00ebsht\u00eb besnik i kauz\u00ebs serbe t\u00eb Aleksand\u00ebr Vu\u00e7i\u00e7!"},"content":{"rendered":"<p><strong>Nga<\/strong>\u00a0<strong>Enver BYTY\u00c7I<\/strong><\/p>\n<p>Kryeministri Rama u shfaq edhe nj\u00ebher\u00eb me forc\u00eb e n\u00eb m\u00ebnyr\u00eb arrogante n\u00eb krah e n\u00eb mbrojtje t\u00eb Serbis\u00eb. K\u00ebsaj radhe zgjodhi parlamentin e Shqip\u00ebris\u00eb q\u00eb t\u00eb shpreh\u00eb s\u00ebrishmi ndjenjat e simpatis\u00eb dhe miq\u00ebsis\u00eb s\u00eb tij me presidentin serb, Aleksand\u00ebr Vu\u00e7i\u00e7. Madje n\u00eb dit\u00ebn kur me konsensus po diskutohej dhe u miratua rezoluta p\u00ebr aktin terrorist serb kund\u00ebr Kosov\u00ebs e policis\u00eb s\u00eb saj t\u00eb 24 shtatorit 2023. N\u00eb vend q\u00eb t\u00eb vler\u00ebsonte konsensusin, ai iu kund\u00ebrvu atij. N\u00ebse kjo ishte shenj\u00eb e shfaj\u00ebsimit t\u00eb kryeministrit shqiptar p\u00ebrball\u00eb presidentit serb, kjo duhet t\u00eb shihet.<\/p>\n<p>Por fakt \u00ebsht\u00eb se sot shqiptar\u00ebt pan\u00eb n\u00eb podiumin e parlamentit shqiptar nj\u00eb kryeminist\u00ebr q\u00eb fliste me gjuh\u00ebn e kreut t\u00eb shtetit t\u00eb Serbis\u00eb. Nuk ka th\u00ebn\u00eb asgj\u00eb m\u00eb shum\u00eb Aleksand\u00ebr Vu\u00e7i\u00e7. Rama p\u00ebrs\u00ebriti k\u00ebrkes\u00ebn q\u00eb veriu i Kosov\u00ebs t\u00eb vihet n\u00ebn kontrollin dhe protektoratin e KFOR-it. Pra, q\u00eb institucionet dhe forcat e siguris\u00eb s\u00eb Kosov\u00ebs t\u00eb t\u00ebrhiqen nga veriu. T\u00eb nj\u00ebjt\u00ebn gj\u00eb ka k\u00ebrkuar prej shum\u00eb vitesh dhe k\u00ebrkon ende sot Vu\u00e7i\u00e7. Rama thot\u00eb s\u00ebrishmi se \u201cVeriu i Kosov\u00ebs \u00ebsht\u00eb territor q\u00eb nuk i p\u00ebrket askujt\u201d! Dhe kjo shkon p\u00ebrtej deklaratave t\u00eb presidentit t\u00eb Serbis\u00eb. As ai nuk ka guxuar t\u00eb b\u00ebj\u00eb k\u00ebt\u00eb vler\u00ebsim. Sidomos pas d\u00ebshtimit t\u00eb terrorit t\u00eb para 18 dit\u00ebve, kur policia e Kosov\u00ebs veproi me profesionaliz\u00ebm dhe vendosm\u00ebri n\u00eb mbrojtje dhe n\u00eb kontroll t\u00eb atij territori.<\/p>\n<p>Rama, jo pa q\u00ebllim, e krahasoi veriun e Kosov\u00ebs me Lazaratin. Sepse ai d\u00ebshiron t\u2019i konsideroj\u00eb bandit\u00ebt terroriste t\u00eb Serbis\u00eb si grupe kriminale q\u00eb dalin jasht\u00eb kontrollit t\u00eb shtetit. Me k\u00ebt\u00eb q\u00ebndrim ai synon t\u00eb shfaj\u00ebsoj\u00eb presidentin Vu\u00e7i\u00e7 e t\u00eb thot\u00eb se akti i 24 shtatorit nuk ishte vep\u00ebr e tij! Pra q\u00eb akti terrorist n\u00eb Banjsk\u00eb t\u00eb Zve\u00e7anit t\u00eb trajtohet si vep\u00ebr kriminale n\u00eb nj\u00eb territor \u201ctok\u00eb e askujt\u201d! Djall\u00ebzia e k\u00ebsaj teorie shkon deri te faj\u00ebsimi i qeveris\u00eb dhe institucioneve t\u00eb Kosov\u00ebs, pse ato d\u00ebrguan policin\u00eb n\u00eb \u201ctok\u00ebn e kurrkujt\u201d! Por nuk e artikuloi k\u00ebt\u00eb v\u00ebrejtje!<\/p>\n<p>Ajo q\u00eb kryeministri i Shqip\u00ebris\u00eb adresoi sot kund\u00ebr kryeministrit Kurti ishte p\u00ebrtej imagjinat\u00ebs. Tha se Kurti d\u00ebmtoi pozicionin e Kosov\u00ebs dhe favorizoi pozicionin e Serbis\u00eb n\u00eb marr\u00ebdh\u00ebnie me nd\u00ebrkomb\u00ebtar\u00ebt! Komedi m\u00eb t\u00eb turpshme nuk mund t\u00eb shfaqej! Nd\u00ebrsa \u00ebsht\u00eb vet\u00eb Edi Rama q\u00eb e rehabilitoi Serbin\u00eb prej dhjet\u00eb vitesh, kthehet tani e akuzon kryeministrin e Kosov\u00ebs p\u00ebr k\u00ebt\u00eb! Nd\u00ebrkoh\u00eb q\u00eb kryeministri i Shqip\u00ebris\u00eb sh\u00ebtit nga nj\u00eb samit n\u00eb tjetrin, duke marr\u00eb n\u00eb mbrojtje presidentin e Serbis\u00eb e duke kritikuar Albin Kurtin, sot guxoi t\u00eb faj\u00ebsoj\u00eb t\u00eb tjer\u00ebt p\u00ebr k\u00ebt\u00eb fakt. Madje u p\u00ebrpoq t\u00eb p\u00ebr\u00e7aj\u00eb kryeministrin Kurti dhe presidenten Osmani.<\/p>\n<p>P\u00ebr\u00e7arja \u00ebsht\u00eb roli m\u00eb perfid i Edi Ram\u00ebs. \u00cbsht\u00eb nj\u00eb rol q\u00eb e ka luajtur me virtuozitet t\u00eb jasht\u00ebzakonsh\u00ebm n\u00eb politik\u00ebn shqiptare, sidomos kund\u00ebr Kosov\u00ebs dhe opozit\u00ebs n\u00eb Shqip\u00ebri. P\u00ebr t\u00eb realizuar misionin e p\u00ebr\u00e7arjes ai ka derdhur miliona e dhjet\u00ebra milion\u00eb dollar\u00eb amerikan\u00eb. Dhe duhet t\u00eb jeni t\u00eb bindur se k\u00ebto miliona nuk burojn\u00eb nga xhepat e tij, por nga xhepat tan\u00eb dhe pagesat extra t\u00eb Beogradit. Shembujt jan\u00eb pa fund n\u00eb k\u00ebt\u00eb rol t\u00eb kryeministrit shqiptar. I gjen n\u00eb Shqip\u00ebri, me shumic\u00eb n\u00eb Kosov\u00eb, por edhe te shqiptar\u00ebt e Maqedonis\u00eb s\u00eb Veriut, Malit t\u00eb Zi e Lugin\u00ebn e Preshev\u00ebs. Dhe si p\u00ebr \u00e7udi, gjithnj\u00eb mb\u00ebshtet grupet politike shqiptare pro Vu\u00e7i\u00e7 kund\u00ebr grupeve q\u00eb jan\u00eb kund\u00ebr politikave serbe n\u00eb Kosov\u00eb!<\/p>\n<p>Rama sot d\u00ebshmoi se nuk heq dor\u00eb nga lobimi dhe p\u00ebrpjekjet e tij t\u00eb rekorduara me presidentin serb p\u00ebr ndarjen e Kosov\u00ebs. Madje informacionet jan\u00eb se ai u ka dh\u00ebn\u00eb argumentin p\u00ebrkat\u00ebs disa partner\u00ebve t\u00eb NATO-s, ve\u00e7mas Macron dhe Orban. U ka th\u00ebn\u00eb atyre se n\u00ebse veriu i Kosov\u00ebs vihet n\u00ebn protektoratin e NATO-s, n\u00eb momentin q\u00eb do t\u00eb diskutohet statusi p\u00ebrfundimtar i k\u00ebtij territor, mund t\u00eb kusht\u00ebzohet Serbia me integrim n\u00eb Aleanc\u00eb, n\u00ebse ajo d\u00ebshiron t\u00eb marr\u00eb pasurit\u00eb e Kosov\u00ebs! Por SHBA, Britania e Madhe, Gjermania, Turqia etj jan\u00eb kund\u00ebr k\u00ebtij projekti.<\/p>\n<p>Rama nuk ndalet! Ai guxon dhe del para p\u00ebrfaq\u00ebsuesve t\u00eb sovranit t\u00eb shqiptar\u00ebve dhe sulmon Kosov\u00ebn p\u00ebr t\u00eb mbrojtur Serbin\u00eb! Kjo do t\u00eb thot\u00eb se nuk ka m\u00eb asnj\u00eb shpres\u00eb se ai do t\u00eb kthehet n\u00eb rrug\u00ebn e mbrojtjes s\u00eb interesave t\u00eb shqiptar\u00ebve. N\u00eb k\u00ebt\u00eb kuptim \u00ebsht\u00eb gabim t\u2019i thuhet Edi Ram\u00ebs se je tradhtar. Jo! Ai nuk po e tradhton aspak kauz\u00ebn serbe t\u00eb Aleksand\u00ebr Vu\u00e7i\u00e7.<\/p>\n","protected":false},"excerpt":{"rendered":"<p>Nga\u00a0Enver BYTY\u00c7I Kryeministri Rama u shfaq edhe nj\u00ebher\u00eb me forc\u00eb e n\u00eb m\u00ebnyr\u00eb arrogante n\u00eb krah e n\u00eb mbrojtje t\u00eb Serbis\u00eb. K\u00ebsaj radhe zgjodhi parlamentin e Shqip\u00ebris\u00eb q\u00eb t\u00eb shpreh\u00eb s\u00ebrishmi ndjenjat e simpatis\u00eb dhe miq\u00ebsis\u00eb s\u00eb tij me presidentin serb, Aleksand\u00ebr Vu\u00e7i\u00e7. Madje n\u00eb dit\u00ebn kur me konsensus po diskutohej dhe u miratua rezoluta &hellip;<\/p>\n","protected":false},"author":4,"featured_media":49804,"comment_status":"open","ping_status":"open","sticky":false,"template":"","format":"standard","meta":{"footnotes":""},"categories":[44],"tags":[],"class_list":["post-59315","post","type-post","status-publish","format-standard","has-post-thumbnail","","category-editorial"],"_links":{"self":[{"href":"https:\/\/rdnews.al\/index.php\/wp-json\/wp\/v2\/posts\/59315","targetHints":{"allow":["GET"]}}],"collection":[{"href":"https:\/\/rdnews.al\/index.php\/wp-json\/wp\/v2\/posts"}],"about":[{"href":"https:\/\/rdnews.al\/index.php\/wp-json\/wp\/v2\/types\/post"}],"author":[{"embeddable":true,"href":"https:\/\/rdnews.al\/index.php\/wp-json\/wp\/v2\/users\/4"}],"replies":[{"embeddable":true,"href":"https:\/\/rdnews.al\/index.php\/wp-json\/wp\/v2\/comments?post=59315"}],"version-history":[{"count":0,"href":"https:\/\/rdnews.al\/index.php\/wp-json\/wp\/v2\/posts\/59315\/revisions"}],"wp:featuredmedia":[{"embeddable":true,"href":"https:\/\/rdnews.al\/index.php\/wp-json\/wp\/v2\/media\/49804"}],"wp:attachment":[{"href":"https:\/\/rdnews.al\/index.php\/wp-json\/wp\/v2\/media?parent=59315"}],"wp:term":[{"taxonomy":"category","embeddable":true,"href":"https:\/\/rdnews.al\/index.php\/wp-json\/wp\/v2\/categories?post=59315"},{"taxonomy":"post_tag","embeddable":true,"href":"https:\/\/rdnews.al\/index.php\/wp-json\/wp\/v2\/tags?post=59315"}],"curies":[{"name":"wp","href":"https:\/\/api.w.org\/{rel}","templated":true}]}}