{"id":59365,"date":"2023-10-13T16:31:44","date_gmt":"2023-10-13T16:31:44","guid":{"rendered":"https:\/\/rdnews.al\/?p=59365"},"modified":"2023-10-13T16:31:44","modified_gmt":"2023-10-13T16:31:44","slug":"reagimi-i-forte-i-gjekmarkajt-ndaj-bashes-as-skuqet-as-zverdhet-as-ka-turp","status":"publish","type":"post","link":"https:\/\/rdnews.al\/index.php\/2023\/10\/13\/reagimi-i-forte-i-gjekmarkajt-ndaj-bashes-as-skuqet-as-zverdhet-as-ka-turp\/","title":{"rendered":"Reagimi i fort\u00eb i Gjekmarkajt ndaj Bash\u00ebs: As skuqet, as zverdhet, as ka turp&#8230;"},"content":{"rendered":"<p>Deputeti i PD, Agron Gjekmarkaj ka reaguar lidhur me deklarat\u00ebn e Lulit, ku ky i fundit shprehej se PD duhet t\u00eb pastrohet nga \u00e7do nuanc\u00eb apo tundim intolerant dhe autokratik.<\/p>\n<p>Gjekmarkaj shkruan n\u00ebreagimin e tij se, Basha\u00a0ka guxim p\u00ebr t\u00eb kryer nj\u00eb pastrim t\u00eb v\u00ebrtet\u00eb t\u00eb partis\u00eb, ky q\u00eb pasi hoqi 50 mij\u00eb demokrat\u00eb nga listat, jav\u00ebn q\u00eb shkoi \u201cp\u00ebrjashtoi\u201d 11 deputet\u00eb dhe Sekretarin e P\u00ebrgjithsh\u00ebm?!<\/p>\n<p><strong>Reagimi i Gjekmarkajt<\/strong><\/p>\n<p>PD duhet pastruar nga \u00e7do nuanc\u00eb apo tundim intolerant dhe autokratik\u201d Lulzim Basha e pask\u00ebsh th\u00ebn\u00eb k\u00ebt\u00eb?! E ka th\u00ebn\u00eb, e ka th\u00ebn\u00eb, e zeza mbi t\u00eb bardh\u00eb. Shum\u00eb njer\u00ebz mendojn\u00eb q\u00eb atij i mungon guximi\u2026ja q\u00eb e paska. A keni stomak ta merrni seriozisht qerratan\u00eb pasi hoqi 50 mij\u00eb demokrat\u00eb nga listat, jav\u00ebn q\u00eb shkoi \u201cp\u00ebrjashtoi\u201d 11 deputet\u00eb dhe Sekretarin e P\u00ebrgjithsh\u00ebm?! Ky qenk\u00ebsh trazuar nga tundimet intolerante dhe kur u zgjua nga gjumi vendosi t\u2019u shpall\u00eb luft\u00eb atyre?! Allah kij m\u00ebshir\u00eb, Krisht mbrona. K\u00ebsaj i thon\u00eb fytyra sholl\u00eb kundret q\u00eb as skuqet as zverdhet dhe barku llastik qe sa t\u2019i fus\u00ebsh rritet! Po turp ka ? Jooo, s\u2019ka lidhje, s\u2019e njeh at\u00eb i bekuari\u201d, u shpreh Gjekmarkaj n\u00eb reagimin e tij.<\/p>\n","protected":false},"excerpt":{"rendered":"<p>Deputeti i PD, Agron Gjekmarkaj ka reaguar lidhur me deklarat\u00ebn e Lulit, ku ky i fundit shprehej se PD duhet t\u00eb pastrohet nga \u00e7do nuanc\u00eb apo tundim intolerant dhe autokratik. Gjekmarkaj shkruan n\u00ebreagimin e tij se, Basha\u00a0ka guxim p\u00ebr t\u00eb kryer nj\u00eb pastrim t\u00eb v\u00ebrtet\u00eb t\u00eb partis\u00eb, ky q\u00eb pasi hoqi 50 mij\u00eb demokrat\u00eb nga &hellip;<\/p>\n","protected":false},"author":4,"featured_media":2719,"comment_status":"open","ping_status":"open","sticky":false,"template":"","format":"standard","meta":{"footnotes":""},"categories":[37],"tags":[],"class_list":["post-59365","post","type-post","status-publish","format-standard","has-post-thumbnail","","category-politike"],"_links":{"self":[{"href":"https:\/\/rdnews.al\/index.php\/wp-json\/wp\/v2\/posts\/59365","targetHints":{"allow":["GET"]}}],"collection":[{"href":"https:\/\/rdnews.al\/index.php\/wp-json\/wp\/v2\/posts"}],"about":[{"href":"https:\/\/rdnews.al\/index.php\/wp-json\/wp\/v2\/types\/post"}],"author":[{"embeddable":true,"href":"https:\/\/rdnews.al\/index.php\/wp-json\/wp\/v2\/users\/4"}],"replies":[{"embeddable":true,"href":"https:\/\/rdnews.al\/index.php\/wp-json\/wp\/v2\/comments?post=59365"}],"version-history":[{"count":0,"href":"https:\/\/rdnews.al\/index.php\/wp-json\/wp\/v2\/posts\/59365\/revisions"}],"wp:featuredmedia":[{"embeddable":true,"href":"https:\/\/rdnews.al\/index.php\/wp-json\/wp\/v2\/media\/2719"}],"wp:attachment":[{"href":"https:\/\/rdnews.al\/index.php\/wp-json\/wp\/v2\/media?parent=59365"}],"wp:term":[{"taxonomy":"category","embeddable":true,"href":"https:\/\/rdnews.al\/index.php\/wp-json\/wp\/v2\/categories?post=59365"},{"taxonomy":"post_tag","embeddable":true,"href":"https:\/\/rdnews.al\/index.php\/wp-json\/wp\/v2\/tags?post=59365"}],"curies":[{"name":"wp","href":"https:\/\/api.w.org\/{rel}","templated":true}]}}