{"id":59396,"date":"2023-10-14T08:19:35","date_gmt":"2023-10-14T08:19:35","guid":{"rendered":"https:\/\/rdnews.al\/?p=59396"},"modified":"2023-10-14T08:19:35","modified_gmt":"2023-10-14T08:19:35","slug":"albin-faleminderit","status":"publish","type":"post","link":"https:\/\/rdnews.al\/index.php\/2023\/10\/14\/albin-faleminderit\/","title":{"rendered":"Albin faleminderit!"},"content":{"rendered":"<p><strong>Nga Ilir LEVONJA<\/strong><\/p>\n<p>Albin faleminderit q\u00eb erdhe. Pa\u00e7ka t\u00eb tjerave &#8230;., faleminderit q\u00eb ia prishe qejfin monarkut shqiptar por edhe mendjeve t\u00eb budallepsura q\u00eb nuk ngel\u00ebn pa postuar foto me fanell\u00ebn e komb\u00ebtares, duke ia dedikuar fitoren e mbr\u00ebmshme 3-0 karshi \u00c7ekis\u00eb, Edi Ram\u00ebs dhe Partis\u00eb Socialiste. Jemi budallepsur aq shum\u00eb sa e shikojm\u00eb Edi Ram\u00ebn me t\u00eb nj\u00ebjtin adhurim q\u00eb v\u00ebshtruam Enver Hoxh\u00ebn deri sa na e mori n\u00eb bot\u00ebn e Halloweenit s\u00ebmundja e sheqerit.<\/p>\n<p>Edhe kur sh\u00ebnon nj\u00eb djal\u00eb shqiptar emigrant n\u00eb Angli, a n\u00eb Spanj\u00eb, marksist\u00eb-leninst\u00ebt e Edi Ram\u00ebs postojn\u00eb foto dhe ia dedikojn\u00eb k\u00ebto pashait modern, monarkut absolut Edi Rama. Kaq shum\u00eb jemi budallepsur. Ndaj atyre u duket krejt e \u00e7mendur q\u00eb ti i hip\u00ebn vetur\u00ebs dhe vjen n\u00eb Tiran\u00eb p\u00ebr t\u00eb par\u00eb komb\u00ebtaren e shqiptar\u00ebve. Nuk u duket \u00e7udi kur Edi Rama vishet me shallvare duke sfiduar bot\u00ebn e mod\u00ebs pavarsisht se \u00ebsht\u00eb kryetari i nj\u00eb shteti me pagat m\u00eb diskreminuese n\u00eb rajon.<\/p>\n<p>Ti vjen t\u00eb shoh\u00ebsh komb\u00ebtaren e shqiptar\u00ebve krejt normalisht pasi mund ta kesh patur dit\u00ebn t\u00eb ngarkuar por edhe si nj\u00eb qytetar i lir\u00eb shqiptar, megjithat\u00eb ata po t\u00eb akuzojn\u00eb se ke tradhtuar komb\u00ebtaren e vendit t\u00ebnd Kosov\u00ebs. Nuk e kap\u00ebrdijm\u00eb dot nocionin komb ne. Kemi shum\u00eb frik\u00eb nga l\u00ebvizja e lir\u00eb mes vedit, por edhe e kemi strategji se jemi pjell\u00eb e internacionalist\u00ebve. Dhe strategjia jon\u00eb \u00ebsht\u00eb q\u00eb, nuk duam bashkim komb\u00ebtar.<\/p>\n<p>Nuk i ke d\u00ebgjuar kur b\u00ebhen nervoz\u00eb kur thuhet komb\u00ebtarja e madhe, pasi aty ka djem nga t\u00eb gjitha trevat shqip\u00ebfol\u00ebse, aty ku shqiptar\u00ebt kan\u00eb jetuar dembabadem si i thon\u00eb llafit. Pa\u00e7ka se kan\u00eb pasaporta t\u00eb Malit t\u00eb Zi, Maqedonis\u00eb s\u00eb Veriut, Kosov\u00ebs, Italis\u00eb, Gjermanis\u00eb, Anglis\u00eb e kudo. Mir\u00ebpo marksist\u00eb-leninist\u00ebt e Tiran\u00ebs plasin aq sa dalin studiove dhe b\u00ebrtasin se p\u00ebrse marrim k\u00ebta djem (nga Prishtina, Vushtria, Suhareka, Tetova, Shkupi etj) e nuk u japim hap\u00ebsira vet\u00ebm atyre brenda Shqip\u00ebris\u00eb.<\/p>\n<p>Ne kemi dal\u00eb nga shinat komplet, jemi nj\u00eb tren q\u00eb b\u00ebrtet por vagon\u00ebt i kemi bosh. Ndonj\u00eb dit\u00eb tek ne do dali edhe ligji i Kores\u00eb s\u00eb Veriut, ku q\u00ebnieve t\u00eb vendit dhe t\u00eb huaja, kushdo q\u00eb vjen n\u00eb Shqip\u00ebri, i ndalohet me ligj t\u00eb prishi qejfin e udh\u00ebheq\u00ebsit. Po ti Albin, ardhsh p\u00ebrdit\u00eb e sa her\u00eb t\u00eb doj\u00eb qejfi. Se ne kemi pjerdhur, ne nuk dim\u00eb gj\u00eb tjet\u00ebr, t\u00eb rroj udh\u00ebheq\u00ebsi Edi Rama dhe poadcast-i i tij tek bisedon me vipat. Ne, bar do ham\u00eb dhe kujt se ia shtrijm\u00eb dor\u00ebn. Vet\u00ebm kur t\u00eb na thot\u00eb Edi Rama, at\u00ebhere po. Majtas, tha ai, majtas ne. Djathtas, tha ai, djathtas ne.<\/p>\n","protected":false},"excerpt":{"rendered":"<p>Nga Ilir LEVONJA Albin faleminderit q\u00eb erdhe. Pa\u00e7ka t\u00eb tjerave &#8230;., faleminderit q\u00eb ia prishe qejfin monarkut shqiptar por edhe mendjeve t\u00eb budallepsura q\u00eb nuk ngel\u00ebn pa postuar foto me fanell\u00ebn e komb\u00ebtares, duke ia dedikuar fitoren e mbr\u00ebmshme 3-0 karshi \u00c7ekis\u00eb, Edi Ram\u00ebs dhe Partis\u00eb Socialiste. Jemi budallepsur aq shum\u00eb sa e shikojm\u00eb Edi &hellip;<\/p>\n","protected":false},"author":4,"featured_media":59270,"comment_status":"open","ping_status":"open","sticky":false,"template":"","format":"standard","meta":{"footnotes":""},"categories":[44],"tags":[],"class_list":["post-59396","post","type-post","status-publish","format-standard","has-post-thumbnail","","category-editorial"],"_links":{"self":[{"href":"https:\/\/rdnews.al\/index.php\/wp-json\/wp\/v2\/posts\/59396","targetHints":{"allow":["GET"]}}],"collection":[{"href":"https:\/\/rdnews.al\/index.php\/wp-json\/wp\/v2\/posts"}],"about":[{"href":"https:\/\/rdnews.al\/index.php\/wp-json\/wp\/v2\/types\/post"}],"author":[{"embeddable":true,"href":"https:\/\/rdnews.al\/index.php\/wp-json\/wp\/v2\/users\/4"}],"replies":[{"embeddable":true,"href":"https:\/\/rdnews.al\/index.php\/wp-json\/wp\/v2\/comments?post=59396"}],"version-history":[{"count":0,"href":"https:\/\/rdnews.al\/index.php\/wp-json\/wp\/v2\/posts\/59396\/revisions"}],"wp:featuredmedia":[{"embeddable":true,"href":"https:\/\/rdnews.al\/index.php\/wp-json\/wp\/v2\/media\/59270"}],"wp:attachment":[{"href":"https:\/\/rdnews.al\/index.php\/wp-json\/wp\/v2\/media?parent=59396"}],"wp:term":[{"taxonomy":"category","embeddable":true,"href":"https:\/\/rdnews.al\/index.php\/wp-json\/wp\/v2\/categories?post=59396"},{"taxonomy":"post_tag","embeddable":true,"href":"https:\/\/rdnews.al\/index.php\/wp-json\/wp\/v2\/tags?post=59396"}],"curies":[{"name":"wp","href":"https:\/\/api.w.org\/{rel}","templated":true}]}}