{"id":59406,"date":"2023-10-14T11:51:27","date_gmt":"2023-10-14T11:51:27","guid":{"rendered":"https:\/\/rdnews.al\/?p=59406"},"modified":"2023-10-14T11:51:27","modified_gmt":"2023-10-14T11:51:27","slug":"berisha-takim-me-gazetarin-gjerman-shqiperia-po-perjeton-sundimin-e-mafias","status":"publish","type":"post","link":"https:\/\/rdnews.al\/index.php\/2023\/10\/14\/berisha-takim-me-gazetarin-gjerman-shqiperia-po-perjeton-sundimin-e-mafias\/","title":{"rendered":"Berisha takim me gazetarin gjerman: Shqip\u00ebria po p\u00ebrjeton sundimin e Mafias!"},"content":{"rendered":"<p>Kryetari i PD, Sali Berisha ka pritur n\u00eb nj\u00eb nj\u00eb takim gazetarin gjerman, Rainer Zitelmann.\u00a0P\u00ebrme nj\u00eb postimi n\u00eb rrjetet sociale, ai zbulon se \u00e7far\u00eb u diskutua.<\/p>\n<p>Berisha shkruan se, me Zitelmann shk\u00ebmbyem, jo vet\u00ebm kujtimet e viteve t\u00eb diktatur\u00ebs, kur ai si nj\u00eb i ri ndiqte programet e Radio Tiran\u00ebs, nd\u00ebrsa un\u00eb radiot e huaja, por fol\u00ebm edhe p\u00ebr t\u00eb ardhmen e rajonit dhe Europ\u00ebs.<\/p>\n<p><strong>Postimi i kreut t\u00eb PD, Berisha<\/strong><\/p>\n<p>Takim me personalitetin e njohur gjerman Rainer Zitelmann<\/p>\n<p>Dje, me k\u00ebnaq\u00ebsi t\u00eb ve\u00e7ant\u00eb, prita n\u00eb zyr\u00eb gazetarin dhe autorin konservator gjerman t\u00eb shum\u00eb librave, Rainer Zitelmann.<\/p>\n<p>Me z. Zitelmann shk\u00ebmbyem, jo vet\u00ebm kujtimet e viteve t\u00eb diktatur\u00ebs, kur ai si nj\u00eb i ri ndiqte programet e Radio Tiran\u00ebs, nd\u00ebrsa un\u00eb radiot e huaja, por fol\u00ebm edhe p\u00ebr t\u00eb ardhmen e rajonit dhe Europ\u00ebs. I interesuar p\u00ebr Shqip\u00ebrin\u00eb aktuale, dhe se si vendi yn\u00eb do t\u00eb projektohet n\u00eb dekadat e ardhshme, i thash\u00eb mikut gjerman se Shqip\u00ebria po p\u00ebrjeton at\u00eb q\u00eb Samuel Huntington quan \u2018mobocracy\u2019, pra sundimi i Mafias.<\/p>\n<p>Theksova gjat\u00eb bised\u00ebs edhe mesazhin e nj\u00eb fjalimi tim n\u00eb parlament n\u00eb vitin 2013, ku paralajm\u00ebroja Edi Ram\u00ebn se ai kishte marr\u00eb amnistin\u00eb popullore p\u00ebr lidhjet e tij me bot\u00ebn kriminale gjat\u00eb koh\u00ebs si kryebashkiak, por ishte koha q\u00eb t\u2019i nd\u00ebrpriste k\u00ebto lidhje, p\u00ebr t\u00eb mir\u00ebn e vet dhe t\u00eb popullit shqiptar. Nuk e ka b\u00ebr\u00eb k\u00ebt\u00eb. Perkundrazi perdori te gjithe pushtetin p\u00ebr konsolidimin e k\u00ebtyre lidhjeve nga Shqip\u00ebria n\u00eb Meksik\u00eb.<\/p>\n<p>Pranova me mir\u00ebnjohje dhurat\u00ebn e z. Zitelmann librin \u201cN\u00eb mbrojtje t\u00eb Kapitalizimit\u2019 botim i sh.b. Onufri.<\/p>\n<p><img loading=\"lazy\" decoding=\"async\" class=\"alignnone size-medium wp-image-59408\" src=\"https:\/\/rdnews.al\/wp-content\/uploads\/2023\/10\/1-15-300x200.jpg\" alt=\"\" width=\"300\" height=\"200\" srcset=\"https:\/\/rdnews.al\/wp-content\/uploads\/2023\/10\/1-15-300x200.jpg 300w, https:\/\/rdnews.al\/wp-content\/uploads\/2023\/10\/1-15-1024x682.jpg 1024w, https:\/\/rdnews.al\/wp-content\/uploads\/2023\/10\/1-15-768x512.jpg 768w, https:\/\/rdnews.al\/wp-content\/uploads\/2023\/10\/1-15-1536x1023.jpg 1536w, https:\/\/rdnews.al\/wp-content\/uploads\/2023\/10\/1-15.jpg 1600w\" sizes=\"auto, (max-width: 300px) 100vw, 300px\" \/><\/p>\n<p><img loading=\"lazy\" decoding=\"async\" class=\"alignnone size-medium wp-image-59409\" src=\"https:\/\/rdnews.al\/wp-content\/uploads\/2023\/10\/2-14-300x200.jpg\" alt=\"\" width=\"300\" height=\"200\" srcset=\"https:\/\/rdnews.al\/wp-content\/uploads\/2023\/10\/2-14-300x200.jpg 300w, https:\/\/rdnews.al\/wp-content\/uploads\/2023\/10\/2-14-1024x682.jpg 1024w, https:\/\/rdnews.al\/wp-content\/uploads\/2023\/10\/2-14-768x512.jpg 768w, https:\/\/rdnews.al\/wp-content\/uploads\/2023\/10\/2-14-1536x1023.jpg 1536w, https:\/\/rdnews.al\/wp-content\/uploads\/2023\/10\/2-14.jpg 1600w\" sizes=\"auto, (max-width: 300px) 100vw, 300px\" \/><\/p>\n","protected":false},"excerpt":{"rendered":"<p>Kryetari i PD, Sali Berisha ka pritur n\u00eb nj\u00eb nj\u00eb takim gazetarin gjerman, Rainer Zitelmann.\u00a0P\u00ebrme nj\u00eb postimi n\u00eb rrjetet sociale, ai zbulon se \u00e7far\u00eb u diskutua. Berisha shkruan se, me Zitelmann shk\u00ebmbyem, jo vet\u00ebm kujtimet e viteve t\u00eb diktatur\u00ebs, kur ai si nj\u00eb i ri ndiqte programet e Radio Tiran\u00ebs, nd\u00ebrsa un\u00eb radiot e huaja, &hellip;<\/p>\n","protected":false},"author":4,"featured_media":59407,"comment_status":"open","ping_status":"open","sticky":false,"template":"","format":"standard","meta":{"footnotes":""},"categories":[37],"tags":[],"class_list":["post-59406","post","type-post","status-publish","format-standard","has-post-thumbnail","","category-politike"],"_links":{"self":[{"href":"https:\/\/rdnews.al\/index.php\/wp-json\/wp\/v2\/posts\/59406","targetHints":{"allow":["GET"]}}],"collection":[{"href":"https:\/\/rdnews.al\/index.php\/wp-json\/wp\/v2\/posts"}],"about":[{"href":"https:\/\/rdnews.al\/index.php\/wp-json\/wp\/v2\/types\/post"}],"author":[{"embeddable":true,"href":"https:\/\/rdnews.al\/index.php\/wp-json\/wp\/v2\/users\/4"}],"replies":[{"embeddable":true,"href":"https:\/\/rdnews.al\/index.php\/wp-json\/wp\/v2\/comments?post=59406"}],"version-history":[{"count":0,"href":"https:\/\/rdnews.al\/index.php\/wp-json\/wp\/v2\/posts\/59406\/revisions"}],"wp:featuredmedia":[{"embeddable":true,"href":"https:\/\/rdnews.al\/index.php\/wp-json\/wp\/v2\/media\/59407"}],"wp:attachment":[{"href":"https:\/\/rdnews.al\/index.php\/wp-json\/wp\/v2\/media?parent=59406"}],"wp:term":[{"taxonomy":"category","embeddable":true,"href":"https:\/\/rdnews.al\/index.php\/wp-json\/wp\/v2\/categories?post=59406"},{"taxonomy":"post_tag","embeddable":true,"href":"https:\/\/rdnews.al\/index.php\/wp-json\/wp\/v2\/tags?post=59406"}],"curies":[{"name":"wp","href":"https:\/\/api.w.org\/{rel}","templated":true}]}}