{"id":59413,"date":"2023-10-14T11:57:52","date_gmt":"2023-10-14T11:57:52","guid":{"rendered":"https:\/\/rdnews.al\/?p=59413"},"modified":"2023-10-14T12:15:12","modified_gmt":"2023-10-14T12:15:12","slug":"pd-rama-3-fishon-kostot-e-studimeve-te-mjekesise-vetem-per-te-miratuar-ligjin-diktatorial","status":"publish","type":"post","link":"https:\/\/rdnews.al\/index.php\/2023\/10\/14\/pd-rama-3-fishon-kostot-e-studimeve-te-mjekesise-vetem-per-te-miratuar-ligjin-diktatorial\/","title":{"rendered":"PD: Rama 3-fishon kostot e studimeve t\u00eb Mjek\u00ebsis\u00eb vet\u00ebm p\u00ebr t\u00eb miratuar ligjin diktatorial"},"content":{"rendered":"<p><strong>Deklarat\u00eb e deputetes s\u00eb PD-s\u00eb, Albana Vokshi<\/strong><\/p>\n<p>N\u00eb muajin korrik, n\u00eb m\u00ebnyr\u00eb dinake, fshehurazi, n\u00eb shkelje t\u00eb procedurave, rregullores se kuvendit, pa studime e analiza, me mashtrime Rama \u2013 Nikolla \u2013 Kushi \u2013 Manastirlliu, soll\u00ebn n\u00eb parlament nj\u00eb projektligj antikushtetues, q\u00eb tentonte t\u00eb mbante peng diplomat e e student\u00ebve t\u00eb mjek\u00ebsis\u00eb p\u00ebr 5 vjet.<\/p>\n<p>Duke luajtur gjoja kart\u00ebn e patriotizmit, Edi Rama ngriti fabul\u00ebn q\u00eb Mjek\u00ebsia \u00ebsht\u00eb nj\u00eb profesion ndryshe nga t\u00eb tjer\u00ebt, pasi shtetit i kushtin shum\u00eb formimi i mjek\u00ebve t\u00eb rinj, p\u00ebr t\u00eb mbrojtur jet\u00ebn dhe sh\u00ebndetin e qytetar\u00ebve t\u00eb vet.<\/p>\n<p>Si e b\u00ebri k\u00ebt\u00eb, duke p\u00ebrdorur Universitetin e mjek\u00ebsis\u00eb p\u00ebr kosto shum\u00eb her\u00eb m\u00eb t\u00eb larta, se ato realet, duke u munduar q\u00eb si\u00e7 b\u00ebn gjithnj\u00eb t\u00eb vinte student\u00ebt p\u00ebrball\u00eb qytetar\u00ebve.<\/p>\n<p>Nj\u00eb ligj antikushtetues, diskriminues, jo efektiv, i padrejt\u00eb u miratua m\u00eb nxitim, n\u00eb mes t\u00eb nat\u00ebs, duke refuzuar t\u00eb d\u00ebgjonin z\u00ebrin e student\u00ebve.<\/p>\n<p>Nj\u00eb ligj, me an\u00eb t\u00eb t\u00eb cilit Edi Rama synon t\u00eb mbuloj\u00eb d\u00ebshtimin e premtimit t\u00eb bujsh\u00ebm t\u00eb sh\u00ebndet\u00ebsis\u00eb falas, d\u00ebshtimin e politikave n\u00eb sh\u00ebndet\u00ebsi, d\u00ebshtimin e koncesioneve q\u00eb kan\u00eb shkat\u00ebrruar \u00e7do shtyll\u00eb t\u00eb sh\u00ebndet\u00ebsis\u00eb.<\/p>\n<p>Nj\u00eb ligj q\u00eb d\u00ebmton universitetin publik e q\u00eb orienton student\u00ebt drejt privatit.<\/p>\n<p>N\u00eb vitin 2019, Universiteti i Mjek\u00ebsis\u00eb e ka p\u00ebrllogaritur koston e studimit n\u00eb programin e Mjek\u00ebsis\u00eb s\u00eb p\u00ebrgjithshme me vler\u00ebn 236.468 lek\u00eb\/vit.<\/p>\n<p>Kjo vler\u00eb \u00ebsht\u00eb d\u00ebrguar me shkres\u00eb zyrtare nga Universiteti i Mjek\u00ebsis\u00eb si p\u00ebrgjigje ndaj Q\u00ebndres\u00ebs Qytetare (shkresa num\u00ebr protokolli 2206\/1, dat\u00eb 17.07.2023), pra kat\u00ebr dit\u00eb p\u00ebrpara miratimit t\u00eb ligjit fam\u00ebkeq q\u00eb merr peng diplomat e student\u00ebve t\u00eb Mjek\u00ebsis\u00eb. (Bashkangjitur shkresa)<\/p>\n<p>Nd\u00ebrkoh\u00eb, n\u00eb relacionin e p\u00ebrgatitur n\u00eb Parlamentin e Shqip\u00ebris\u00eb citohet se \u201cSipas informacionit t\u00eb p\u00ebrcjell\u00eb nga Universiteti i Mjek\u00ebsis\u00eb, Tiran\u00eb, kostoja e studimit p\u00ebr programin e integruar t\u00eb studimit n\u00eb \u201cMjek\u00ebsi e P\u00ebrgjithshme\u201d \u00ebsht\u00eb 678.994 lek\u00eb\/vit\u201d.<\/p>\n<p><strong>(Bashkangjitur pjesa e relacionit q\u00eb i bashkagjitet pr.ligjit)<\/strong><\/p>\n<p><img loading=\"lazy\" decoding=\"async\" class=\"alignnone size-medium wp-image-59414\" src=\"https:\/\/rdnews.al\/wp-content\/uploads\/2023\/10\/11-225x300.png\" alt=\"\" width=\"225\" height=\"300\" srcset=\"https:\/\/rdnews.al\/wp-content\/uploads\/2023\/10\/11-225x300.png 225w, https:\/\/rdnews.al\/wp-content\/uploads\/2023\/10\/11.png 768w\" sizes=\"auto, (max-width: 225px) 100vw, 225px\" \/><\/p>\n<p>Mazhoranca socialiste n\u00eb m\u00ebnyr\u00eb t\u00eb q\u00ebllimshme e ka trefishuar koston e studimit p\u00ebr t\u00eb arritur, duke mashtruar, q\u00ebllimet e saj, dhe miratuar nj\u00eb ligj diktatorial.<\/p>\n<p>N\u00eb vendimet e datave 6 dhe 9 tetor 2023, t\u00eb Senatit dhe Bordit Administrativ t\u00eb Unuversitetit t\u00eb Mjek\u00ebsis\u00eb, kostoja e miratuar \u00ebsht\u00eb 248.975 lek\u00eb\/vit. Si\u00e7 duket qart\u00eb, shuma e re e pas kat\u00ebr viteve \u00ebsht\u00eb e p\u00ebraf\u00ebrt; me nj\u00eb ndryshim prej vet\u00ebm 12 mij\u00eb lek\u00ebsh. Edhe pse Ministrja e Sh\u00ebndet\u00ebsis\u00eb ka ushtruar presion p\u00ebr rritjen e kostove, Bordi ka refuzuar.<\/p>\n<p><img loading=\"lazy\" decoding=\"async\" class=\"alignnone size-medium wp-image-59415\" src=\"https:\/\/rdnews.al\/wp-content\/uploads\/2023\/10\/1-16-219x300.jpg\" alt=\"\" width=\"219\" height=\"300\" srcset=\"https:\/\/rdnews.al\/wp-content\/uploads\/2023\/10\/1-16-219x300.jpg 219w, https:\/\/rdnews.al\/wp-content\/uploads\/2023\/10\/1-16.jpg 649w\" sizes=\"auto, (max-width: 219px) 100vw, 219px\" \/><\/p>\n<p><img loading=\"lazy\" decoding=\"async\" class=\"alignnone size-medium wp-image-59416\" src=\"https:\/\/rdnews.al\/wp-content\/uploads\/2023\/10\/2-15-300x240.jpg\" alt=\"\" width=\"300\" height=\"240\" srcset=\"https:\/\/rdnews.al\/wp-content\/uploads\/2023\/10\/2-15-300x240.jpg 300w, https:\/\/rdnews.al\/wp-content\/uploads\/2023\/10\/2-15.jpg 660w\" sizes=\"auto, (max-width: 300px) 100vw, 300px\" \/><\/p>\n<p><strong>\u00a0(Vendimet e Bordit Administrativ dhe Senatit t\u00eb Universitetit t\u00eb Mjek\u00ebsis\u00eb<\/strong><\/p>\n<p><a href=\"http:\/\/umed.edu.al\/vendimi-i-bordit-te-administrimit-nr-62-date-09-10-2023\/\" target=\"_blank\" rel=\"noopener\"><strong>http:\/\/umed.edu.al\/vendimi-i-bordit-te-administrimit-nr-62-date-09-10-2023\/<\/strong><\/a>)<\/p>\n<p>\u00cbsht\u00eb alarmante dhe e patolerueshme q\u00eb deputet\u00ebt e mazhoranc\u00ebs me urdh\u00ebr t\u00eb Ram\u00ebs, n\u00eb nj\u00eb l\u00ebvizje jo etike dhe joligjore, t\u00eb nd\u00ebrhyjn\u00eb marrin vendime p\u00ebr miratimin e ligjeve me mashtrime, pa analiza e kosto reale, por vet\u00ebm me urdh\u00ebr t\u00eb Edi Ram\u00ebs, duke tentuar t\u00eb caktojn\u00eb edhe vendin e pun\u00ebs s\u00eb student\u00ebve t\u00eb mjek\u00ebsis\u00eb duke ju mbajtur peng diplomat 5 vjet.<\/p>\n<p>Kjo b\u00ebhej vet\u00ebm n\u00eb koh\u00ebt kur Parlamenti i Shqip\u00ebris\u00eb quhej Kuvendi Popullor, dhe ishte n\u00ebn urdhrat e Enver Hoxh\u00ebs.<\/p>\n<p>P\u00ebr dijeni t\u00eb publikut, neni 4 i ligjit t\u00eb miratuar nga deputet\u00ebt e Edi Ram\u00ebs, parashikon se student\u00ebt e vitit t\u00eb par\u00eb duhet t\u00eb n\u00ebnshkruajn\u00eb kontrat\u00ebn p\u00ebrpara dat\u00ebs s\u00eb testimit t\u00eb informatizuar n\u00eb QSHA, pra q\u00eb n\u00eb gusht. Faktikisht, ata ende nuk e kan\u00eb marr\u00eb kontrat\u00ebn, duke qen\u00eb se vlera \u00ebsht\u00eb miratuar vet\u00ebm n\u00eb tetor 2023.<\/p>\n<p>Vendimi Nr. 527, dt 7.9.2023 n\u00eb pik\u00ebn 6 p\u00ebrcakton q\u00eb kosto duhej p\u00ebrllogaritur para fillimit t\u00eb vitit akademik.<\/p>\n<p>Kjo e b\u00ebn t\u00eb pavlefsh\u00ebm zbatimin e ligjit p\u00ebr t\u00eb gjith\u00eb student\u00ebt aktual\u00eb t\u00eb programit Mjek\u00ebsi e P\u00ebrgjithshme, q\u00eb nga viti i par\u00eb e deri n\u00eb vitin e fundit. Praktikisht ligji ka r\u00ebn\u00eb!!<\/p>\n<p>Ka r\u00ebn\u00eb sepse nj\u00eb mas\u00eb shtr\u00ebnguese si kjo nuk e zgjidh problemin.<\/p>\n<p>Ky ligj cenon t\u00eb drejt\u00ebn e l\u00ebvizjes s\u00eb lir\u00eb t\u00eb drejt\u00ebn p\u00ebr arsimim<\/p>\n<p>Qeveria dhe grupi i saj parlamentar jan\u00eb n\u00eb paligjshm\u00ebri totale, jan\u00eb n\u00eb gjueti shtrigash kund\u00ebr mjek\u00ebve t\u00eb ardhsh\u00ebm t\u00eb vendit, jan\u00eb n\u00eb ngjashm\u00ebri me et\u00ebrit e tyre t\u00eb Partis\u00eb s\u00eb Pun\u00ebs.<\/p>\n<p>Qeveria ka gjetur nj\u00eb aleat, fatkeq\u00ebsisht, edhe te ai q\u00eb duhej t\u00eb ishte mbrojt\u00ebsi i student\u00ebve, rektori i Universitetit t\u00eb Mjek\u00ebsis\u00eb, sepse qeveria i siguron mbrojtjen p\u00ebr t\u00eb cil\u00ebn ai ka nevoj\u00eb. Sa p\u00ebr kujtes\u00eb: Rektori i Universitetit t\u00eb Mjek\u00ebsis\u00eb \u00ebsht\u00eb aktualisht n\u00ebn hetim nga SPAK p\u00ebr koncesionin e Sterizilimit dhe ndaj tij ka mas\u00eb detyrimi paraqitje nga SPAK. N\u00eb vend q\u00eb t\u00eb pezullohej nga detyra deri n\u00eb fund t\u00eb hetimeve dhe provimit ose r\u00ebnies s\u00eb akuz\u00ebs s\u00eb r\u00ebnd\u00eb, ai ka bashk\u00ebpunuar me qeverin\u00eb kund\u00ebr student\u00ebve.<\/p>\n<p>Miratimi i ligjit, ka prodhuar menj\u00ebher\u00eb efektet e saj negative. K\u00ebrkesa p\u00ebr deg\u00ebn e Mjek\u00ebsis\u00eb u ul me mbi 40%, rrjedhimisht me shum\u00eb gjasa duke ulur edhe cil\u00ebsin\u00eb.<\/p>\n<p>Qeveria ka mund\u00ebsuar k\u00ebshtu q\u00eb k\u00ebrkesat p\u00ebr deg\u00ebn e Mjek\u00ebsis\u00eb n\u00eb Universitetin publik t\u00eb shmangen drejt privatit apo t\u00eb shkojn\u00eb n\u00eb universitetet jasht\u00eb duke minuar k\u00ebshtu sektorin publik.<\/p>\n<p>Partia Demokratike \u00ebsht\u00eb dhe do t\u00eb jet\u00eb n\u00eb krah t\u00eb student\u00ebve dhe k\u00ebrkesave t\u00eb tyre t\u00eb drejta dhe kushtetuese.<\/p>\n<p>Menj\u00ebher\u00eb do t\u00eb k\u00ebrkojm\u00eb d\u00ebgjes\u00eb n\u00eb Komisionet parlamentare me ministren e arsimit dhe sh\u00ebndet\u00ebsis\u00eb. PD do ta ankimoj\u00eb ligjin n\u00eb Gjykat\u00ebn Kushtetuese.<\/p>\n","protected":false},"excerpt":{"rendered":"<p>Deklarat\u00eb e deputetes s\u00eb PD-s\u00eb, Albana Vokshi N\u00eb muajin korrik, n\u00eb m\u00ebnyr\u00eb dinake, fshehurazi, n\u00eb shkelje t\u00eb procedurave, rregullores se kuvendit, pa studime e analiza, me mashtrime Rama \u2013 Nikolla \u2013 Kushi \u2013 Manastirlliu, soll\u00ebn n\u00eb parlament nj\u00eb projektligj antikushtetues, q\u00eb tentonte t\u00eb mbante peng diplomat e e student\u00ebve t\u00eb mjek\u00ebsis\u00eb p\u00ebr 5 vjet. Duke &hellip;<\/p>\n","protected":false},"author":4,"featured_media":0,"comment_status":"open","ping_status":"open","sticky":false,"template":"","format":"standard","meta":{"footnotes":""},"categories":[37],"tags":[],"class_list":["post-59413","post","type-post","status-publish","format-standard","","category-politike"],"_links":{"self":[{"href":"https:\/\/rdnews.al\/index.php\/wp-json\/wp\/v2\/posts\/59413","targetHints":{"allow":["GET"]}}],"collection":[{"href":"https:\/\/rdnews.al\/index.php\/wp-json\/wp\/v2\/posts"}],"about":[{"href":"https:\/\/rdnews.al\/index.php\/wp-json\/wp\/v2\/types\/post"}],"author":[{"embeddable":true,"href":"https:\/\/rdnews.al\/index.php\/wp-json\/wp\/v2\/users\/4"}],"replies":[{"embeddable":true,"href":"https:\/\/rdnews.al\/index.php\/wp-json\/wp\/v2\/comments?post=59413"}],"version-history":[{"count":0,"href":"https:\/\/rdnews.al\/index.php\/wp-json\/wp\/v2\/posts\/59413\/revisions"}],"wp:attachment":[{"href":"https:\/\/rdnews.al\/index.php\/wp-json\/wp\/v2\/media?parent=59413"}],"wp:term":[{"taxonomy":"category","embeddable":true,"href":"https:\/\/rdnews.al\/index.php\/wp-json\/wp\/v2\/categories?post=59413"},{"taxonomy":"post_tag","embeddable":true,"href":"https:\/\/rdnews.al\/index.php\/wp-json\/wp\/v2\/tags?post=59413"}],"curies":[{"name":"wp","href":"https:\/\/api.w.org\/{rel}","templated":true}]}}