{"id":59475,"date":"2023-10-16T08:58:09","date_gmt":"2023-10-16T08:58:09","guid":{"rendered":"https:\/\/rdnews.al\/?p=59475"},"modified":"2023-10-16T10:01:01","modified_gmt":"2023-10-16T10:01:01","slug":"samiti-i-procesit-te-berlinit-pse-nuk-vjen-meloni-ne-ne-tirane","status":"publish","type":"post","link":"https:\/\/rdnews.al\/index.php\/2023\/10\/16\/samiti-i-procesit-te-berlinit-pse-nuk-vjen-meloni-ne-ne-tirane\/","title":{"rendered":"Samiti i Procesit t\u00eb Berlinit\/ Pse nuk vjen Meloni n\u00eb n\u00eb Tiran\u00eb?"},"content":{"rendered":"<p>Tirana pret sot, m\u00eb 16 tetor, lider\u00ebt e BE-s\u00eb dhe Ballkanit Per\u00ebndimor n\u00eb kuad\u00ebr t\u00eb Samitit t\u00eb Procesit t\u00eb Berlinit. Por jo t\u00eb gjith\u00eb lider\u00ebt do t\u00eb marrin pjes\u00eb.<\/p>\n<p>Kryeministrja italiane, Giorgia Meloni nuk do t\u00eb jet\u00eb e pranishme n\u00eb Samit.<\/p>\n<p>Ajo do t\u00eb p\u00ebrfaq\u00ebsohet nga z\u00ebvend\u00ebskryeministri, Antonia Tajani.<\/p>\n<p>Nuk dihet arsyeja e anulimit t\u00eb vizit\u00ebs, por sipas\u00a0<a href=\"https:\/\/www.ansa.it\/sito\/notizie\/politica\/2023\/10\/15\/domani-meloni-incontra-il-re-di-giordania-a-palazzo-chigi_9b8deb87-553f-4012-a773-611770418e3c.html\" target=\"_blank\" rel=\"noopener\"><strong>medieve italiane<\/strong><\/a>, kryeministrja do t\u00eb pres\u00eb n\u00eb nj\u00eb takim mbretin e Jordanis\u00eb, Abdullah II Ibn Al Husein.<\/p>\n<p>Sakaq, as Presidenti i Franc\u00ebs, Emmanuel Macron nuk do t\u00eb jet\u00eb i pranish\u00ebm gjat\u00eb or\u00ebve t\u00eb paradite. Ai m\u00ebsohet se do t\u00eb mb\u00ebrrij\u00eb n\u00eb Tiran\u00eb pasdite.<\/p>\n<p>Shkak i shtyrjes s\u00eb mb\u00ebrritjes s\u00eb tij \u00ebsht\u00eb b\u00ebr\u00eb nj\u00eb sulm me thik\u00eb n\u00eb nj\u00eb shkoll\u00eb ku nj\u00eb m\u00ebsues mbeti i vdekur dhe dy t\u00eb tjer\u00eb u plagos\u00ebn.<\/p>\n<p><strong>Agjenda e plot\u00eb e Samitit<\/strong><\/p>\n<p>N\u00eb or\u00ebn 11:00 do t\u00eb jet\u00eb pritja e lider\u00ebve<\/p>\n<p>N\u00eb or\u00ebn 11:30 fjala hap\u00ebse<\/p>\n<p>N\u00eb or\u00ebn 12:00 nis sesioni i pun\u00ebs, integrimi i rajonit n\u00eb tregun e p\u00ebrbashk\u00ebt europian dhe p\u00ebrmir\u00ebsimi i konvergjenc\u00ebs me BE<\/p>\n<p>N\u00eb or\u00ebn 13:30 fotografia familjare<\/p>\n<p>N\u00eb or\u00ebn 15:30 nis sesioni i dyt\u00eb i pun\u00ebs, mb\u00ebshtetja e tranzicionit t\u00eb gjelb\u00ebr dhe dixhital n\u00eb Ballkanin Per\u00ebndimor<\/p>\n<p>N\u00eb or\u00ebn 16:45 do t\u00eb p\u00ebrurohet Kolegji i Europ\u00ebs n\u00eb Tiran\u00eb<\/p>\n<p>N\u00eb or\u00ebn 17:30 do t\u00eb n\u00ebnshkruhet marr\u00ebveshja rajonale p\u00ebr njohje reciproke t\u00eb kualifikimit profesional<\/p>\n<p>N\u00eb or\u00ebn 17:45 konferenca e p\u00ebrbashk\u00ebt p\u00ebr shtyp<\/p>\n<p>N\u00eb or\u00ebn 18:30 ceremonia e inaugurimit t\u00eb Piramid\u00ebs.<\/p>\n","protected":false},"excerpt":{"rendered":"<p>Tirana pret sot, m\u00eb 16 tetor, lider\u00ebt e BE-s\u00eb dhe Ballkanit Per\u00ebndimor n\u00eb kuad\u00ebr t\u00eb Samitit t\u00eb Procesit t\u00eb Berlinit. Por jo t\u00eb gjith\u00eb lider\u00ebt do t\u00eb marrin pjes\u00eb. Kryeministrja italiane, Giorgia Meloni nuk do t\u00eb jet\u00eb e pranishme n\u00eb Samit. Ajo do t\u00eb p\u00ebrfaq\u00ebsohet nga z\u00ebvend\u00ebskryeministri, Antonia Tajani. Nuk dihet arsyeja e anulimit t\u00eb &hellip;<\/p>\n","protected":false},"author":4,"featured_media":0,"comment_status":"open","ping_status":"open","sticky":false,"template":"","format":"standard","meta":{"footnotes":""},"categories":[40],"tags":[],"class_list":["post-59475","post","type-post","status-publish","format-standard","","category-aktualitet"],"_links":{"self":[{"href":"https:\/\/rdnews.al\/index.php\/wp-json\/wp\/v2\/posts\/59475","targetHints":{"allow":["GET"]}}],"collection":[{"href":"https:\/\/rdnews.al\/index.php\/wp-json\/wp\/v2\/posts"}],"about":[{"href":"https:\/\/rdnews.al\/index.php\/wp-json\/wp\/v2\/types\/post"}],"author":[{"embeddable":true,"href":"https:\/\/rdnews.al\/index.php\/wp-json\/wp\/v2\/users\/4"}],"replies":[{"embeddable":true,"href":"https:\/\/rdnews.al\/index.php\/wp-json\/wp\/v2\/comments?post=59475"}],"version-history":[{"count":0,"href":"https:\/\/rdnews.al\/index.php\/wp-json\/wp\/v2\/posts\/59475\/revisions"}],"wp:attachment":[{"href":"https:\/\/rdnews.al\/index.php\/wp-json\/wp\/v2\/media?parent=59475"}],"wp:term":[{"taxonomy":"category","embeddable":true,"href":"https:\/\/rdnews.al\/index.php\/wp-json\/wp\/v2\/categories?post=59475"},{"taxonomy":"post_tag","embeddable":true,"href":"https:\/\/rdnews.al\/index.php\/wp-json\/wp\/v2\/tags?post=59475"}],"curies":[{"name":"wp","href":"https:\/\/api.w.org\/{rel}","templated":true}]}}