{"id":59519,"date":"2023-10-20T11:03:32","date_gmt":"2023-10-20T11:03:32","guid":{"rendered":"https:\/\/rdnews.al\/?p=59519"},"modified":"2023-10-20T11:03:32","modified_gmt":"2023-10-20T11:03:32","slug":"balla-ne-telefonat-e-dekriptuar-me-bandat-ardi-veliu-mesazhe-nga-kryeministria","status":"publish","type":"post","link":"https:\/\/rdnews.al\/index.php\/2023\/10\/20\/balla-ne-telefonat-e-dekriptuar-me-bandat-ardi-veliu-mesazhe-nga-kryeministria\/","title":{"rendered":"Balla n\u00eb telefonat e dekriptuar me bandat, Ardi Veliu mesazhe nga Kryeministria"},"content":{"rendered":"<p>Kryetari i Partis\u00eb Demokrate Sali Berisha komentoi raportimet mediatike lidhur me largimin e Ardiu Veliut si drejtues i Agjencis\u00eb s\u00eb Mbik\u00ebqyrjes Policore. Edhe pse s\u2019ka ende nj\u00eb konfirmim zyrtar p\u00ebr k\u00ebt\u00eb l\u00ebvizje, Berisha tha k\u00ebt\u00eb t\u00eb enjte se Veliu ka dh\u00ebn\u00eb dor\u00ebheqjen pasi jan\u00eb zbuluar p\u00ebrgjime t\u00eb tij me banda kriminale.<\/p>\n<p>\u201cDha dor\u00ebheqjen sepse \u00ebsht\u00eb gjetur me Encrochat dhe SKYE\u00c7 n\u00eb kominikim me bandat m\u00eb t\u00eb rrezikshme. Por fam\u00ebziu balla q\u00eb i k\u00ebrkon dor\u00ebheqjen \u00ebsht\u00eb shim\u00eb m\u00eb i regjistruar se ardi veliu n\u00eb ato SKYE\u00c7 dhe encrochat. E them me p\u00ebrgjegj\u00ebsi t\u00eb plot\u00eb. Ne jemi n\u00eb k\u00ebto kushte\u201d, tha Berisha n\u00eb emisionin \u201cOpen\u201d.<\/p>\n<p>Sipas nj\u00eb raportimi mediatik, arsyeja q\u00eb Veliu ka vendosur t\u00eb jap\u00eb dor\u00ebheqjen \u00ebsht\u00eb \u201csepse emri i tij ka dal\u00eb n\u00eb dosjen e sjell\u00eb nga Franca n\u00eb mesazhet e SKYE\u00c7, n\u00eb komunikime me trafikant\u00eb t\u00eb ndrysh\u00ebm, para zgjedhjeve t\u00eb vitit 2021\u201d.<\/p>\n<p>Berisha tha gjithashtu se nga 8 mij\u00eb telefona t\u00eb kriptuar q\u00eb jan\u00eb p\u00ebrdorur n\u00eb Shqip\u00ebri, pjesa m\u00eb e madhe jan\u00eb p\u00ebrdorur n\u00eb Kryeministri.<\/p>\n<p>\u201cJa ku jan\u00eb 3 telefonat e kriptuar t\u00eb Ardi Veliut. Jan\u00eb p\u00ebrdorur dhe nga Taulant Balla. Kan\u00eb pasur p\u00ebrqendrimin m\u00eb t\u00eb lart\u00eb n\u00eb Shqip\u00ebri n\u00eb nd\u00ebrtes\u00ebn e K\u00ebshillit t\u00eb Ministrave. M\u00eb kan\u00eb th\u00ebn\u00eb q\u00eb kur p\u00ebrdor at\u00eb aplikacion, merr fund pjesa tjet\u00ebr. N\u00eb Kryeministri ka pasur p\u00ebrqendrimin m\u00eb t\u00eb lart\u00eb n\u00eb Shqip\u00ebri, k\u00ebta telefona. Nga 8 mij\u00eb telefona t\u00eb kriptuar, Kryeministria ka pasur p\u00ebrqendrimin m\u00eb t\u00eb lart\u00eb t\u00eb tyre\u201d, deklaroi Berisha.<\/p>\n","protected":false},"excerpt":{"rendered":"<p>Kryetari i Partis\u00eb Demokrate Sali Berisha komentoi raportimet mediatike lidhur me largimin e Ardiu Veliut si drejtues i Agjencis\u00eb s\u00eb Mbik\u00ebqyrjes Policore. Edhe pse s\u2019ka ende nj\u00eb konfirmim zyrtar p\u00ebr k\u00ebt\u00eb l\u00ebvizje, Berisha tha k\u00ebt\u00eb t\u00eb enjte se Veliu ka dh\u00ebn\u00eb dor\u00ebheqjen pasi jan\u00eb zbuluar p\u00ebrgjime t\u00eb tij me banda kriminale. \u201cDha dor\u00ebheqjen sepse \u00ebsht\u00eb &hellip;<\/p>\n","protected":false},"author":4,"featured_media":59521,"comment_status":"open","ping_status":"open","sticky":false,"template":"","format":"standard","meta":{"footnotes":""},"categories":[37],"tags":[],"class_list":["post-59519","post","type-post","status-publish","format-standard","has-post-thumbnail","","category-politike"],"_links":{"self":[{"href":"https:\/\/rdnews.al\/index.php\/wp-json\/wp\/v2\/posts\/59519","targetHints":{"allow":["GET"]}}],"collection":[{"href":"https:\/\/rdnews.al\/index.php\/wp-json\/wp\/v2\/posts"}],"about":[{"href":"https:\/\/rdnews.al\/index.php\/wp-json\/wp\/v2\/types\/post"}],"author":[{"embeddable":true,"href":"https:\/\/rdnews.al\/index.php\/wp-json\/wp\/v2\/users\/4"}],"replies":[{"embeddable":true,"href":"https:\/\/rdnews.al\/index.php\/wp-json\/wp\/v2\/comments?post=59519"}],"version-history":[{"count":0,"href":"https:\/\/rdnews.al\/index.php\/wp-json\/wp\/v2\/posts\/59519\/revisions"}],"wp:featuredmedia":[{"embeddable":true,"href":"https:\/\/rdnews.al\/index.php\/wp-json\/wp\/v2\/media\/59521"}],"wp:attachment":[{"href":"https:\/\/rdnews.al\/index.php\/wp-json\/wp\/v2\/media?parent=59519"}],"wp:term":[{"taxonomy":"category","embeddable":true,"href":"https:\/\/rdnews.al\/index.php\/wp-json\/wp\/v2\/categories?post=59519"},{"taxonomy":"post_tag","embeddable":true,"href":"https:\/\/rdnews.al\/index.php\/wp-json\/wp\/v2\/tags?post=59519"}],"curies":[{"name":"wp","href":"https:\/\/api.w.org\/{rel}","templated":true}]}}