{"id":59762,"date":"2023-10-23T12:00:00","date_gmt":"2023-10-23T12:00:00","guid":{"rendered":"https:\/\/rdnews.al\/?p=59762"},"modified":"2023-10-23T12:11:15","modified_gmt":"2023-10-23T12:11:15","slug":"berisha-hakmarrja-ndaj-argita-malltezit-vjen-sepse-rames-i-permenda-skandalin-e-tenderave-te-thjeshtres","status":"publish","type":"post","link":"https:\/\/rdnews.al\/index.php\/2023\/10\/23\/berisha-hakmarrja-ndaj-argita-malltezit-vjen-sepse-rames-i-permenda-skandalin-e-tenderave-te-thjeshtres\/","title":{"rendered":"Berisha-Ram\u00ebs: Do detyrohesh t\u00eb l\u00ebsh pushtetin dhe mandatin"},"content":{"rendered":"<p>Berisha u shpreh se, hakmarrja ndaj Argita Malltezit vjen sepse Ram\u00ebs i p\u00ebrmenda skandalin e tenderave t\u00eb thjeshtr\u00ebs! Ai tha se, Argita Malltezi nuk deklaron pasurit\u00eb sepse \u00ebsht\u00eb funksionare, deklaron pasurit\u00eb p\u00ebr shkak t\u00eb t\u00eb atit.<br \/>\n\u201cMalinjiteti dhe keq\u00ebsia e Edi Ram\u00ebs, hakmarr\u00ebsit primitiv dhe k\u00ebtyre larove t\u00eb tij, kulmon kur n\u00eb tre ose kat\u00ebr raste shkruajn\u00eb se Abi Malltezi mori dividentin dhe Argita Malltezi nuk e deklaroi n\u00eb t\u00eb ardhurat e veta n\u00eb ILDKP. Tani k\u00ebtyre individ\u00ebve q\u00eb p\u00ebrdhosin ligjin dhe drejt\u00ebsin\u00eb, u them kaq: jeni ose skllev\u00ebr t\u00eb Edi Ram\u00ebs, ose injorant\u00eb n\u00eb ekstrem.<br \/>\nArgita Malltezi ka deklaruar pasurit\u00eb e veta edhe dy vite para se ta detyronte ligji, kur i ka deklaruar i ati. Argita Malltezi ka deklaruar \u00e7do vit, por ligji i ILDKP nuk detyron lidhjen e lidhjes. Argita Malltezi nuk deklaron pasurit\u00eb sepse \u00ebsht\u00eb funksionare, deklaron pasurit\u00eb p\u00ebr shkak t\u00eb t\u00eb atit.<br \/>\nJamarb\u00ebr Malltezi nuk \u00ebsht\u00eb subjekt i ILDKP dhe asaj i \u00ebsht\u00eb th\u00ebn\u00eb nga drejtues t\u00eb ILDKP se nuk deklarohet lidhja e lidhjes. K\u00ebta p\u00ebrdhos\u00ebs t\u00eb ligjit, p\u00ebr t\u00eb akuzuar vajz\u00ebn time p\u00ebr llogari t\u00eb Edi Ram\u00ebs, nuk i referohen ligjit t\u00eb ILDKP, por ligjit t\u00eb bashk\u00ebsis\u00eb familjare, por edhe at\u00eb e interpretojn\u00eb sipas oreksit t\u00eb Edi Ram\u00ebs. Sepse edhe ai ligj e p\u00ebrjashton.<br \/>\nAi ligj thot\u00eb se t\u00eb gjitha jan\u00eb bashk\u00eb, p\u00ebrve\u00e7 pasuris\u00eb q\u00eb vjen dhe fitohet nga trash\u00ebgimia. Argita Malltezi nuk ka asnj\u00eb qindark\u00eb nga trash\u00ebgimia e bashk\u00ebshortit. Trash\u00ebgimia e bashk\u00ebshortit ka qen\u00eb Begeja, gjyshja e tij.<br \/>\nTani i kthehem Edi Ram\u00ebs. Edi Rama, Argita Malltezi, q\u00eb nga vitet kur ka marr\u00eb rrog\u00ebn e par\u00eb si pedagoge e gjer m\u00eb sot, nuk ka fituar kurr\u00eb si kontraktore apo n\u00ebnkontraktore nga sektori shtet\u00ebror apo publik. Jo, sepse k\u00ebt\u00eb e ndalon ligji, e ndalon Kushtetuta dhe ajo \u00ebsht\u00eb njeri i ligjit. Kurse, si hakmarrje pse un\u00eb t\u00eb kam p\u00ebrmendur thjeshtr\u00ebn ty, Edit dhe Lind\u00ebs u them sa merreni me vajz\u00ebn time, k\u00ebshillojeni vajz\u00ebn e sht\u00ebpis\u00eb.<br \/>\nSqarojeni se Kushtetuta nuk e lejon t\u00eb marr\u00eb pjes\u00eb n\u00eb tendera as direkt dhe as indirekt. Dhe ajo si shushunj\u00eb ka thithur gjakun e t\u00eb varf\u00ebrve shqiptar\u00eb duke marr\u00eb pjes\u00eb n\u00eb dhjet\u00ebra e qindra tendera. Duke p\u00ebrdorur pushtetin e thjeshtrit p\u00ebr t\u2019i fituar ato f\u00ebt e f\u00ebt.<br \/>\nIa them k\u00ebtu Edi Ram\u00ebs se do l\u00ebsh pushtetin p\u00ebr shkak t\u00eb saj. Se mandati yt \u00ebsht\u00eb djegur dhe se je i pashpres\u00eb. Kurse mamas\u00eb s\u00eb saj i them, vajz\u00ebn m\u00eb mir\u00eb k\u00ebshilloje t\u00eb mos bjer\u00eb viktim\u00eb e pangop\u00ebsis\u00eb n\u00eb para. Po si vajz\u00eb e shkolluar t\u00eb respektoj\u00eb ligjet e vendit\u201d, u shpreh Berisha.<\/p>\n","protected":false},"excerpt":{"rendered":"<p>Berisha u shpreh se, hakmarrja ndaj Argita Malltezit vjen sepse Ram\u00ebs i p\u00ebrmenda skandalin e tenderave t\u00eb thjeshtr\u00ebs! Ai tha se, Argita Malltezi nuk deklaron pasurit\u00eb sepse \u00ebsht\u00eb funksionare, deklaron pasurit\u00eb p\u00ebr shkak t\u00eb t\u00eb atit. \u201cMalinjiteti dhe keq\u00ebsia e Edi Ram\u00ebs, hakmarr\u00ebsit primitiv dhe k\u00ebtyre larove t\u00eb tij, kulmon kur n\u00eb tre ose kat\u00ebr &hellip;<\/p>\n","protected":false},"author":4,"featured_media":59733,"comment_status":"open","ping_status":"open","sticky":false,"template":"","format":"standard","meta":{"footnotes":""},"categories":[37],"tags":[],"class_list":["post-59762","post","type-post","status-publish","format-standard","has-post-thumbnail","","category-politike"],"_links":{"self":[{"href":"https:\/\/rdnews.al\/index.php\/wp-json\/wp\/v2\/posts\/59762","targetHints":{"allow":["GET"]}}],"collection":[{"href":"https:\/\/rdnews.al\/index.php\/wp-json\/wp\/v2\/posts"}],"about":[{"href":"https:\/\/rdnews.al\/index.php\/wp-json\/wp\/v2\/types\/post"}],"author":[{"embeddable":true,"href":"https:\/\/rdnews.al\/index.php\/wp-json\/wp\/v2\/users\/4"}],"replies":[{"embeddable":true,"href":"https:\/\/rdnews.al\/index.php\/wp-json\/wp\/v2\/comments?post=59762"}],"version-history":[{"count":0,"href":"https:\/\/rdnews.al\/index.php\/wp-json\/wp\/v2\/posts\/59762\/revisions"}],"wp:featuredmedia":[{"embeddable":true,"href":"https:\/\/rdnews.al\/index.php\/wp-json\/wp\/v2\/media\/59733"}],"wp:attachment":[{"href":"https:\/\/rdnews.al\/index.php\/wp-json\/wp\/v2\/media?parent=59762"}],"wp:term":[{"taxonomy":"category","embeddable":true,"href":"https:\/\/rdnews.al\/index.php\/wp-json\/wp\/v2\/categories?post=59762"},{"taxonomy":"post_tag","embeddable":true,"href":"https:\/\/rdnews.al\/index.php\/wp-json\/wp\/v2\/tags?post=59762"}],"curies":[{"name":"wp","href":"https:\/\/api.w.org\/{rel}","templated":true}]}}