{"id":59770,"date":"2023-10-23T12:34:29","date_gmt":"2023-10-23T12:34:29","guid":{"rendered":"https:\/\/rdnews.al\/?p=59770"},"modified":"2023-10-23T12:34:29","modified_gmt":"2023-10-23T12:34:29","slug":"telefonat-sekrete-rrumbullaku-ne-spak-pas-largimit-te-veliut","status":"publish","type":"post","link":"https:\/\/rdnews.al\/index.php\/2023\/10\/23\/telefonat-sekrete-rrumbullaku-ne-spak-pas-largimit-te-veliut\/","title":{"rendered":"Telefonat sekret\u00eb, Rrumbullaku n\u00eb SPAK pas largimit t\u00eb Veliut"},"content":{"rendered":"<p>Drejtori i p\u00ebrgjithsh\u00ebm i policis\u00eb s\u00eb shtetit, Muhamet Rrumbullaku ka shkuar pak m\u00eb par\u00eb n\u00eb godin\u00ebn e SPAK. Rrumbullaku \u00ebsht\u00eb par\u00eb nga gazetar\u00ebt t\u00eb futet n\u00eb godin\u00eb.<\/p>\n<p>Burime b\u00ebjn\u00eb me dije se Rrumbullaku ishte n\u00eb SPAK p\u00ebr \u00e7\u00ebshtjen e komunikimeve SKY ECC, t\u00eb cilat do t\u00eb jen\u00eb nj\u00eb shkak p\u00ebr \u201ct\u00ebrmet\u201d gjat\u00eb dit\u00ebve t\u00eb ardhshme n\u00eb Policin\u00eb e Shtetit.<\/p>\n<p>Kujtojm\u00eb se gjat\u00eb dit\u00ebs s\u00eb sotme dha dor\u00ebheqjen edhe Ardi Veliu, i cili ishte kreu i Agjencis\u00eb s\u00eb Mbik\u00ebqyrjes Policore, institucioni p\u00ebrgjegj\u00ebs q\u00eb t\u00eb parandaloj\u00eb bashk\u00ebpunimin e Policis\u00eb s\u00eb Shtetit me krimin.<\/p>\n<p>Pak m\u00eb her\u00ebt n\u00eb SPAK shkuan zyrtar\u00eb t\u00eb ambasad\u00ebs amerikane n\u00eb Tiran\u00eb duke dh\u00ebn\u00eb nj\u00eb mesazh mb\u00ebshtetjeje p\u00ebr prokuror\u00ebt e SPAK q\u00eb jan\u00eb k\u00ebrc\u00ebnuar edhe publikisht gjat\u00eb dit\u00ebve t\u00eb fundit.<\/p>\n","protected":false},"excerpt":{"rendered":"<p>Drejtori i p\u00ebrgjithsh\u00ebm i policis\u00eb s\u00eb shtetit, Muhamet Rrumbullaku ka shkuar pak m\u00eb par\u00eb n\u00eb godin\u00ebn e SPAK. Rrumbullaku \u00ebsht\u00eb par\u00eb nga gazetar\u00ebt t\u00eb futet n\u00eb godin\u00eb. Burime b\u00ebjn\u00eb me dije se Rrumbullaku ishte n\u00eb SPAK p\u00ebr \u00e7\u00ebshtjen e komunikimeve SKY ECC, t\u00eb cilat do t\u00eb jen\u00eb nj\u00eb shkak p\u00ebr \u201ct\u00ebrmet\u201d gjat\u00eb dit\u00ebve t\u00eb ardhshme &hellip;<\/p>\n","protected":false},"author":4,"featured_media":59771,"comment_status":"open","ping_status":"open","sticky":false,"template":"","format":"standard","meta":{"footnotes":""},"categories":[37],"tags":[],"class_list":["post-59770","post","type-post","status-publish","format-standard","has-post-thumbnail","","category-politike"],"_links":{"self":[{"href":"https:\/\/rdnews.al\/index.php\/wp-json\/wp\/v2\/posts\/59770","targetHints":{"allow":["GET"]}}],"collection":[{"href":"https:\/\/rdnews.al\/index.php\/wp-json\/wp\/v2\/posts"}],"about":[{"href":"https:\/\/rdnews.al\/index.php\/wp-json\/wp\/v2\/types\/post"}],"author":[{"embeddable":true,"href":"https:\/\/rdnews.al\/index.php\/wp-json\/wp\/v2\/users\/4"}],"replies":[{"embeddable":true,"href":"https:\/\/rdnews.al\/index.php\/wp-json\/wp\/v2\/comments?post=59770"}],"version-history":[{"count":0,"href":"https:\/\/rdnews.al\/index.php\/wp-json\/wp\/v2\/posts\/59770\/revisions"}],"wp:featuredmedia":[{"embeddable":true,"href":"https:\/\/rdnews.al\/index.php\/wp-json\/wp\/v2\/media\/59771"}],"wp:attachment":[{"href":"https:\/\/rdnews.al\/index.php\/wp-json\/wp\/v2\/media?parent=59770"}],"wp:term":[{"taxonomy":"category","embeddable":true,"href":"https:\/\/rdnews.al\/index.php\/wp-json\/wp\/v2\/categories?post=59770"},{"taxonomy":"post_tag","embeddable":true,"href":"https:\/\/rdnews.al\/index.php\/wp-json\/wp\/v2\/tags?post=59770"}],"curies":[{"name":"wp","href":"https:\/\/api.w.org\/{rel}","templated":true}]}}