{"id":6002,"date":"2022-03-02T19:50:50","date_gmt":"2022-03-02T19:50:50","guid":{"rendered":"https:\/\/rdnews.al\/?p=6002"},"modified":"2022-03-02T19:50:50","modified_gmt":"2022-03-02T19:50:50","slug":"nato-aktivizon-per-here-te-pare-forcen-e-reagimit","status":"publish","type":"post","link":"https:\/\/rdnews.al\/index.php\/2022\/03\/02\/nato-aktivizon-per-here-te-pare-forcen-e-reagimit\/","title":{"rendered":"NATO aktivizon p\u00ebr her\u00eb t\u00eb par\u00eb Forc\u00ebn e Reagimit"},"content":{"rendered":"<p>Do ta mbrojm\u00eb \u00e7do p\u00ebll\u00ebmb\u00eb t\u00eb territorit t\u00eb NATO-s. K\u00ebshtu thuhet n\u00eb reagimin e fundit t\u00eb Aleanc\u00ebs Transatlantike, ku ka njoftuar se nj\u00ebsitet e Forc\u00ebs s\u00eb Reagimit kan\u00eb mb\u00ebrritur n\u00eb Rumani gjat\u00eb s\u00eb h\u00ebn\u00ebs dhe s\u00eb mart\u00ebs.<\/p>\n<p>N\u00eb njoftim \u00ebsht\u00eb sqaruar gjithashtu, se kjo \u00ebsht\u00eb hera e par\u00eb q\u00eb NATO-ja ka aktivizuar Forc\u00ebn e Reagimit p\u00ebr mbrojtje kolektive dhe parandalim, raporton Gazeta Express.<\/p>\n<p>\u201cNj\u00ebsitet e Forc\u00ebs s\u00eb Reagimit t\u00eb NATO-s arrit\u00ebn n\u00eb Rumani t\u00eb h\u00ebn\u00ebn dhe t\u00eb mart\u00ebn, p\u00ebr t\u00eb p\u00ebrforcuar pozicionin e mbrojtjes s\u00eb Aleanc\u00ebs n\u00eb pjes\u00ebt lindore. 500 trupa franceze jan\u00eb mbledhur n\u00eb Istres t\u00eb Franc\u00ebs jugore, p\u00ebrpara se t\u00eb zbarkonin n\u00eb Rumani\u201d, thuhet n\u00eb njoftim.<\/p>\n<p>NATO thekson se ky mobilizim vjen si rrjedhoj\u00eb e \u201ckriz\u00ebs m\u00eb t\u00eb madhe t\u00eb siguris\u00eb n\u00eb Evrop\u00eb n\u00eb dekadat e fundit, pas pushtimit t\u00eb Rusis\u00eb nga Ukraina\u201d.<\/p>\n<p>Sekretari Gjeneral i NATO-s, Jens Stoltenberg ka mir\u00ebpritur k\u00ebt\u00eb l\u00ebvizje t\u00eb forcave t\u00eb Aleanc\u00ebs.<\/p>\n<p>\u201cGjat\u00eb jav\u00ebve t\u00eb kaluara, ne kemi rritur prezenc\u00ebn n\u00eb pjes\u00ebt lindore t\u00eb Aleanc\u00ebs dhe tani, p\u00ebr her\u00eb t\u00eb par\u00eb n\u00eb histori jemi duke zbarkuar edhe Forc\u00ebn e Reagimit t\u00eb NATO-s. Trupat franceze kan\u00eb arritur n\u00eb Rumani si element udh\u00ebheq\u00ebs i k\u00ebsaj force. P\u00ebrkushtimi yn\u00eb ndaj Nenit 5, p\u00ebr mbrojtjen kolektive, \u00ebsht\u00eb i hekurt. Do ta mbrojm\u00eb secil\u00ebn p\u00ebll\u00ebmb\u00eb t\u00eb territorit t\u00eb NATO-s\u201d, ka th\u00ebn\u00eb ai.<\/p>\n<p><img loading=\"lazy\" decoding=\"async\" class=\"alignnone  wp-image-6004\" src=\"https:\/\/rdnews.al\/wp-content\/uploads\/2022\/03\/nn-209x300.png\" alt=\"\" width=\"317\" height=\"455\" srcset=\"https:\/\/rdnews.al\/wp-content\/uploads\/2022\/03\/nn-209x300.png 209w, https:\/\/rdnews.al\/wp-content\/uploads\/2022\/03\/nn.png 414w\" sizes=\"auto, (max-width: 317px) 100vw, 317px\" \/><\/p>\n","protected":false},"excerpt":{"rendered":"<p>Do ta mbrojm\u00eb \u00e7do p\u00ebll\u00ebmb\u00eb t\u00eb territorit t\u00eb NATO-s. K\u00ebshtu thuhet n\u00eb reagimin e fundit t\u00eb Aleanc\u00ebs Transatlantike, ku ka njoftuar se nj\u00ebsitet e Forc\u00ebs s\u00eb Reagimit kan\u00eb mb\u00ebrritur n\u00eb Rumani gjat\u00eb s\u00eb h\u00ebn\u00ebs dhe s\u00eb mart\u00ebs. N\u00eb njoftim \u00ebsht\u00eb sqaruar gjithashtu, se kjo \u00ebsht\u00eb hera e par\u00eb q\u00eb NATO-ja ka aktivizuar Forc\u00ebn e Reagimit &hellip;<\/p>\n","protected":false},"author":4,"featured_media":6003,"comment_status":"open","ping_status":"open","sticky":false,"template":"","format":"standard","meta":{"footnotes":""},"categories":[40],"tags":[],"class_list":["post-6002","post","type-post","status-publish","format-standard","has-post-thumbnail","","category-aktualitet"],"_links":{"self":[{"href":"https:\/\/rdnews.al\/index.php\/wp-json\/wp\/v2\/posts\/6002","targetHints":{"allow":["GET"]}}],"collection":[{"href":"https:\/\/rdnews.al\/index.php\/wp-json\/wp\/v2\/posts"}],"about":[{"href":"https:\/\/rdnews.al\/index.php\/wp-json\/wp\/v2\/types\/post"}],"author":[{"embeddable":true,"href":"https:\/\/rdnews.al\/index.php\/wp-json\/wp\/v2\/users\/4"}],"replies":[{"embeddable":true,"href":"https:\/\/rdnews.al\/index.php\/wp-json\/wp\/v2\/comments?post=6002"}],"version-history":[{"count":0,"href":"https:\/\/rdnews.al\/index.php\/wp-json\/wp\/v2\/posts\/6002\/revisions"}],"wp:featuredmedia":[{"embeddable":true,"href":"https:\/\/rdnews.al\/index.php\/wp-json\/wp\/v2\/media\/6003"}],"wp:attachment":[{"href":"https:\/\/rdnews.al\/index.php\/wp-json\/wp\/v2\/media?parent=6002"}],"wp:term":[{"taxonomy":"category","embeddable":true,"href":"https:\/\/rdnews.al\/index.php\/wp-json\/wp\/v2\/categories?post=6002"},{"taxonomy":"post_tag","embeddable":true,"href":"https:\/\/rdnews.al\/index.php\/wp-json\/wp\/v2\/tags?post=6002"}],"curies":[{"name":"wp","href":"https:\/\/api.w.org\/{rel}","templated":true}]}}