{"id":6118,"date":"2022-03-04T10:57:39","date_gmt":"2022-03-04T10:57:39","guid":{"rendered":"https:\/\/rdnews.al\/?p=6118"},"modified":"2022-03-04T10:57:39","modified_gmt":"2022-03-04T10:57:39","slug":"zelensky-i-mbijetuam-nje-nate-qe-do-te-mund-ti-jepte-fund-historise-se-evropes","status":"publish","type":"post","link":"https:\/\/rdnews.al\/index.php\/2022\/03\/04\/zelensky-i-mbijetuam-nje-nate-qe-do-te-mund-ti-jepte-fund-historise-se-evropes\/","title":{"rendered":"Zelensky: I mbijetuam nj\u00eb nate q\u00eb do t\u00eb mund t\u2019i jepte fund historis\u00eb s\u00eb Evrop\u00ebs"},"content":{"rendered":"<p>Presidenti i Ukrain\u00ebs, Volodymyr Zelenskyy, n\u00eb nj\u00eb video-adresim t\u00eb postuar para pak minutash ka th\u00ebn\u00eb se i kan\u00eb mbijetuar nj\u00eb nate q\u00eb do t\u00eb mund ta p\u00ebrfundonte historin\u00eb e Ukrain\u00ebs dhe Evrop\u00ebs.<\/p>\n<p>Kjo pasi forcat ruse kan\u00eb bombarduar m\u00ebngjesin e sot\u00ebm centralin m\u00eb t\u00eb madh b\u00ebrthamor n\u00eb Evrop\u00eb i cili gjendet juglindje t\u00eb Ukrain\u00ebs duke shkaktuar zjarr t\u00eb madh.<\/p>\n<p>\u201cNe i mbijetuam nj\u00eb nate q\u00eb do t\u00eb mund t\u2019i jepte fund historis\u00eb e Ukrain\u00ebs dhe Evrop\u00ebs\u201d, ka th\u00ebn\u00eb Zelensky.<\/p>\n<p>Ndryshe, centrali m\u00eb i madh b\u00ebrthamor n\u00eb Ukrain\u00eb, Zaporizhzhia, u raportua se u sulmua nga rus\u00ebt n\u00eb or\u00ebt e para t\u00eb s\u00eb premtes s\u00eb 4 marsit.<\/p>\n<p>Sulmi ndodhi n\u00eb or\u00ebt e hershme t\u00eb m\u00ebngjesit t\u00eb s\u00eb premtes sipas or\u00ebs lokale n\u00eb Ukrain\u00eb.<\/p>\n<p>P\u00ebrreth zon\u00ebs s\u00eb centralit kan\u00eb qen\u00eb duke u zhvilluar luftime prej disa dit\u00ebsh. U konfirmua se sulmi nuk shkaktoi pasoja aq t\u00eb m\u00ebdha sa t\u00eb shkaktonte fatkeq\u00ebsi b\u00ebrthamore. Ekspert\u00ebt raportuan se nuk ka rritje t\u00eb nivelit t\u00eb radioaktivitetit.<\/p>\n<p>Presidenti i Ukrain\u00ebs, Volodymyr Zelensky, k\u00ebrkoi ndihm\u00eb nga Bashkimi Evropian pas sulmit. Zelensky tha se n\u00ebse vazhdojn\u00eb bombardimet, fatkeq\u00ebsia mund t\u00eb jet\u00eb m\u00eb e madhe se ajo e \u00c7ernobilit q\u00eb ndodhi n\u00eb vitin 1986.<\/p>\n<p>Sht\u00ebpia e Bardh\u00eb tha se ka informacione se aktualisht nuk ka rrezik t\u00eb lart\u00eb nga rritja e nivelit t\u00eb radioaktivitetit. Centrali b\u00ebrthamor Zaporizhzhia \u00ebsht\u00eb m\u00eb i madhi n\u00eb Evrop\u00eb.<\/p>\n","protected":false},"excerpt":{"rendered":"<p>Presidenti i Ukrain\u00ebs, Volodymyr Zelenskyy, n\u00eb nj\u00eb video-adresim t\u00eb postuar para pak minutash ka th\u00ebn\u00eb se i kan\u00eb mbijetuar nj\u00eb nate q\u00eb do t\u00eb mund ta p\u00ebrfundonte historin\u00eb e Ukrain\u00ebs dhe Evrop\u00ebs. Kjo pasi forcat ruse kan\u00eb bombarduar m\u00ebngjesin e sot\u00ebm centralin m\u00eb t\u00eb madh b\u00ebrthamor n\u00eb Evrop\u00eb i cili gjendet juglindje t\u00eb Ukrain\u00ebs duke &hellip;<\/p>\n","protected":false},"author":4,"featured_media":6119,"comment_status":"open","ping_status":"open","sticky":false,"template":"","format":"standard","meta":{"footnotes":""},"categories":[38],"tags":[],"class_list":["post-6118","post","type-post","status-publish","format-standard","has-post-thumbnail","","category-bota"],"_links":{"self":[{"href":"https:\/\/rdnews.al\/index.php\/wp-json\/wp\/v2\/posts\/6118","targetHints":{"allow":["GET"]}}],"collection":[{"href":"https:\/\/rdnews.al\/index.php\/wp-json\/wp\/v2\/posts"}],"about":[{"href":"https:\/\/rdnews.al\/index.php\/wp-json\/wp\/v2\/types\/post"}],"author":[{"embeddable":true,"href":"https:\/\/rdnews.al\/index.php\/wp-json\/wp\/v2\/users\/4"}],"replies":[{"embeddable":true,"href":"https:\/\/rdnews.al\/index.php\/wp-json\/wp\/v2\/comments?post=6118"}],"version-history":[{"count":0,"href":"https:\/\/rdnews.al\/index.php\/wp-json\/wp\/v2\/posts\/6118\/revisions"}],"wp:featuredmedia":[{"embeddable":true,"href":"https:\/\/rdnews.al\/index.php\/wp-json\/wp\/v2\/media\/6119"}],"wp:attachment":[{"href":"https:\/\/rdnews.al\/index.php\/wp-json\/wp\/v2\/media?parent=6118"}],"wp:term":[{"taxonomy":"category","embeddable":true,"href":"https:\/\/rdnews.al\/index.php\/wp-json\/wp\/v2\/categories?post=6118"},{"taxonomy":"post_tag","embeddable":true,"href":"https:\/\/rdnews.al\/index.php\/wp-json\/wp\/v2\/tags?post=6118"}],"curies":[{"name":"wp","href":"https:\/\/api.w.org\/{rel}","templated":true}]}}