{"id":61733,"date":"2023-10-24T17:27:36","date_gmt":"2023-10-24T17:27:36","guid":{"rendered":"https:\/\/rdnews.al\/?p=61733"},"modified":"2023-10-24T17:28:05","modified_gmt":"2023-10-24T17:28:05","slug":"noka-pa-prova-pa-fakte-vetem-aludime-dhe-hamendje-nga-mjeshtrat-e-gjyqeve-politike","status":"publish","type":"post","link":"https:\/\/rdnews.al\/index.php\/2023\/10\/24\/noka-pa-prova-pa-fakte-vetem-aludime-dhe-hamendje-nga-mjeshtrat-e-gjyqeve-politike\/","title":{"rendered":"Noka: Pa prova, pa fakte, vet\u00ebm aludime dhe hamendje nga mjeshtrat e gjyqeve politike!"},"content":{"rendered":"<p>Sekretari i P\u00ebrgjithsh\u00ebm i PD, Flamur Noka, ka reaguar s\u00ebrish n\u00eb lidhje me vendimin e gjyqit politik ndaj Jamarb\u00ebr Malltezit. N\u00eb postimin e tij n\u00eb Facebook, Noka thekson se, \u2018pa prova, pa fakte, vet\u00ebm aludime e hamendje nga mjeshtrat e gjyqeve politike, q\u00eb nuk njohin ligj dhe kushtetut\u00eb, por q\u00eb partin\u00eb e kan\u00eb edhe gjykat\u00eb edhe &#8220;prekuror&#8221;.Noka shkruan se, ky \u00ebsht\u00eb turpi i 2023-shit. Inskenim kryek\u00ebput i nj\u00eb akuze politike e paraqitur me korniz\u00eb juridike.<\/p>\n<p><strong>Postimi i plot\u00eb<\/strong><\/p>\n<p>Pa prova, pa fakte, vet\u00ebm aludime e hamendje nga mjeshtrat e gjyqeve politike, q\u00eb nuk njohin ligj dhe kushtetut\u00eb, por q\u00eb partin\u00eb e kan\u00eb edhe gjykat\u00eb edhe &#8220;prekuror&#8221;.<\/p>\n<p>Asnj\u00eb vendim i marr\u00eb p\u00ebr Z. Malltezi.<\/p>\n<p>Akuzohet pse p\u00ebrfitoi dh\u00ebndri nga VKM-ja p\u00ebr kthimin e pronave pronar\u00ebve, apo nga VKM-ja p\u00ebr p\u00ebrdorimin e letrave me vler\u00eb! Sipas SKAP-it t\u00eb Partis\u00eb, VKM-t\u00eb dhe ligjet e b\u00ebra n\u00eb koh\u00ebn q\u00eb qeveriste PD vlejn\u00eb p\u00ebr t\u00eb gjith\u00eb, p\u00ebrve\u00e7 familjar\u00ebve t\u00eb funksionar\u00ebve t\u00eb PD-s\u00eb. Ky \u00ebsht\u00eb turpi i 2023-shit. Inskenim kryek\u00ebput i nj\u00eb akuze politike e paraqitur me korniz\u00eb juridike. Nj\u00ebsoj me gjyqet e shokut Aranit q\u00eb i drejtohej t\u00eb pandehurit si armik.<\/p>\n<p>Asgj\u00eb s&#8217;e ndal PD dhe opozit\u00ebn ne rrug\u00ebn e vet p\u00ebr t\u00eb \u00e7rr\u00ebnjosur k\u00ebt\u00eb regjim kriminal korruptiv.<\/p>\n","protected":false},"excerpt":{"rendered":"<p>Sekretari i P\u00ebrgjithsh\u00ebm i PD, Flamur Noka, ka reaguar s\u00ebrish n\u00eb lidhje me vendimin e gjyqit politik ndaj Jamarb\u00ebr Malltezit. N\u00eb postimin e tij n\u00eb Facebook, Noka thekson se, \u2018pa prova, pa fakte, vet\u00ebm aludime e hamendje nga mjeshtrat e gjyqeve politike, q\u00eb nuk njohin ligj dhe kushtetut\u00eb, por q\u00eb partin\u00eb e kan\u00eb edhe gjykat\u00eb &hellip;<\/p>\n","protected":false},"author":4,"featured_media":61735,"comment_status":"open","ping_status":"open","sticky":false,"template":"","format":"standard","meta":{"footnotes":""},"categories":[37],"tags":[],"class_list":["post-61733","post","type-post","status-publish","format-standard","has-post-thumbnail","","category-politike"],"_links":{"self":[{"href":"https:\/\/rdnews.al\/index.php\/wp-json\/wp\/v2\/posts\/61733","targetHints":{"allow":["GET"]}}],"collection":[{"href":"https:\/\/rdnews.al\/index.php\/wp-json\/wp\/v2\/posts"}],"about":[{"href":"https:\/\/rdnews.al\/index.php\/wp-json\/wp\/v2\/types\/post"}],"author":[{"embeddable":true,"href":"https:\/\/rdnews.al\/index.php\/wp-json\/wp\/v2\/users\/4"}],"replies":[{"embeddable":true,"href":"https:\/\/rdnews.al\/index.php\/wp-json\/wp\/v2\/comments?post=61733"}],"version-history":[{"count":0,"href":"https:\/\/rdnews.al\/index.php\/wp-json\/wp\/v2\/posts\/61733\/revisions"}],"wp:featuredmedia":[{"embeddable":true,"href":"https:\/\/rdnews.al\/index.php\/wp-json\/wp\/v2\/media\/61735"}],"wp:attachment":[{"href":"https:\/\/rdnews.al\/index.php\/wp-json\/wp\/v2\/media?parent=61733"}],"wp:term":[{"taxonomy":"category","embeddable":true,"href":"https:\/\/rdnews.al\/index.php\/wp-json\/wp\/v2\/categories?post=61733"},{"taxonomy":"post_tag","embeddable":true,"href":"https:\/\/rdnews.al\/index.php\/wp-json\/wp\/v2\/tags?post=61733"}],"curies":[{"name":"wp","href":"https:\/\/api.w.org\/{rel}","templated":true}]}}