{"id":61743,"date":"2023-10-24T18:00:46","date_gmt":"2023-10-24T18:00:46","guid":{"rendered":"https:\/\/rdnews.al\/?p=61743"},"modified":"2023-10-25T08:02:50","modified_gmt":"2023-10-25T08:02:50","slug":"berishes-duan-ti-bejne-gjyq-popullor","status":"publish","type":"post","link":"https:\/\/rdnews.al\/index.php\/2023\/10\/24\/berishes-duan-ti-bejne-gjyq-popullor\/","title":{"rendered":"Berish\u00ebs duan t\u2019i b\u00ebjn\u00eb gjyq popullor&#8230;"},"content":{"rendered":"<p>Deputeti i Partis\u00eb Demokratike, Tritan Shehu ishte k\u00ebt\u00eb t\u00eb mart\u00eb i ftuar n\u00eb Euronews Albania ku tha se akuzat e ngritura ndaj ish-kryeministrit Sali Berisha p\u00ebr \u00e7\u00ebshtjen e ish-kompleksit Partizani, jan\u00eb sulm politik ndaj tij. Ai shtoi se ndaj tij nuk duhet t\u00eb b\u00ebhet gjyq popullor dhe se ai po d\u00ebnohet p\u00ebr nj\u00eb vendim kolegjial t\u00eb K\u00ebshillit t\u00eb Ministrave.<\/p>\n<p>\u201cUn\u00eb ju ftoj t\u00eb mos b\u00ebni gjyqe popullore. Nuk kam ardhur k\u00ebtu t\u00eb b\u00ebj gjyq e as t\u00eb z\u00ebvend\u00ebsoj gjykat\u00ebsin apo prokurorin dhe mendoj se as gazetar\u00ebt nuk duhet ta b\u00ebjn\u00eb k\u00ebt\u00eb pun\u00eb.<\/p>\n<p>S\u00eb dyti un\u00eb nuk mund t\u00eb hyj n\u00eb \u00e7\u00ebshtjen themel, s\u00eb treti, n\u00ebse n\u00eb parim b\u00ebhet fjal\u00eb p\u00ebr d\u00ebnimin e nj\u00eb kryeministri p\u00ebr nj\u00eb vendim kolegjial t\u00eb K\u00ebshillit t\u00eb Ministrave, ky \u00ebsht\u00eb nj\u00eb problem q\u00eb hap nj\u00eb kapitull shum\u00eb t\u00eb rreziksh\u00ebm, p\u00ebr Shqip\u00ebrin\u00eb dhe p\u00ebr \u00e7do demokraci t\u00eb bot\u00ebs. S\u00eb kat\u00ebrti, k\u00ebtu kemi t\u00eb b\u00ebjm\u00eb me nj\u00eb sulm politik\u201d, tha Tritan Shehu.<\/p>\n","protected":false},"excerpt":{"rendered":"<p>Deputeti i Partis\u00eb Demokratike, Tritan Shehu ishte k\u00ebt\u00eb t\u00eb mart\u00eb i ftuar n\u00eb Euronews Albania ku tha se akuzat e ngritura ndaj ish-kryeministrit Sali Berisha p\u00ebr \u00e7\u00ebshtjen e ish-kompleksit Partizani, jan\u00eb sulm politik ndaj tij. Ai shtoi se ndaj tij nuk duhet t\u00eb b\u00ebhet gjyq popullor dhe se ai po d\u00ebnohet p\u00ebr nj\u00eb vendim kolegjial &hellip;<\/p>\n","protected":false},"author":4,"featured_media":59859,"comment_status":"open","ping_status":"open","sticky":false,"template":"","format":"standard","meta":{"footnotes":""},"categories":[37],"tags":[],"class_list":["post-61743","post","type-post","status-publish","format-standard","has-post-thumbnail","","category-politike"],"_links":{"self":[{"href":"https:\/\/rdnews.al\/index.php\/wp-json\/wp\/v2\/posts\/61743","targetHints":{"allow":["GET"]}}],"collection":[{"href":"https:\/\/rdnews.al\/index.php\/wp-json\/wp\/v2\/posts"}],"about":[{"href":"https:\/\/rdnews.al\/index.php\/wp-json\/wp\/v2\/types\/post"}],"author":[{"embeddable":true,"href":"https:\/\/rdnews.al\/index.php\/wp-json\/wp\/v2\/users\/4"}],"replies":[{"embeddable":true,"href":"https:\/\/rdnews.al\/index.php\/wp-json\/wp\/v2\/comments?post=61743"}],"version-history":[{"count":0,"href":"https:\/\/rdnews.al\/index.php\/wp-json\/wp\/v2\/posts\/61743\/revisions"}],"wp:featuredmedia":[{"embeddable":true,"href":"https:\/\/rdnews.al\/index.php\/wp-json\/wp\/v2\/media\/59859"}],"wp:attachment":[{"href":"https:\/\/rdnews.al\/index.php\/wp-json\/wp\/v2\/media?parent=61743"}],"wp:term":[{"taxonomy":"category","embeddable":true,"href":"https:\/\/rdnews.al\/index.php\/wp-json\/wp\/v2\/categories?post=61743"},{"taxonomy":"post_tag","embeddable":true,"href":"https:\/\/rdnews.al\/index.php\/wp-json\/wp\/v2\/tags?post=61743"}],"curies":[{"name":"wp","href":"https:\/\/api.w.org\/{rel}","templated":true}]}}