{"id":61750,"date":"2023-10-24T19:03:22","date_gmt":"2023-10-24T19:03:22","guid":{"rendered":"https:\/\/rdnews.al\/?p=61750"},"modified":"2023-10-24T19:04:01","modified_gmt":"2023-10-24T19:04:01","slug":"26-vjecaja-u-drogua-dhe-perdhunua-nga-3-djem-me-prinder-ne-pushtet-mbyllet-ceshtja","status":"publish","type":"post","link":"https:\/\/rdnews.al\/index.php\/2023\/10\/24\/26-vjecaja-u-drogua-dhe-perdhunua-nga-3-djem-me-prinder-ne-pushtet-mbyllet-ceshtja\/","title":{"rendered":"26-vje\u00e7aja u drogua dhe p\u00ebrdhunua nga 3 djem me prind\u00ebr n\u00eb pushtet, mbyllet \u00e7\u00ebshtja"},"content":{"rendered":"<p>Opinioni publik \u00ebsht\u00eb tronditur nga nj\u00eb ngjarje e r\u00ebnd\u00eb e regjistruar pak dit\u00eb m\u00eb par\u00eb, ku nj\u00eb 26-vje\u00e7are n\u00eb Vlor\u00eb u p\u00ebrdhunua n\u00eb grup nga tre djem, sipas njoftimit t\u00eb policis\u00eb s\u00eb qytetit bregdetar. Vajza dyshohet se u drogua dhe m\u00eb pas djemt\u00eb, q\u00eb dyshohet se po festonin lirimin e shokut nga burgu, e \u00e7uan n\u00eb hotel ku abuzuan seksualisht me t\u00eb dhe m\u00eb pas e braktis\u00ebn n\u00eb gjendje t\u00eb r\u00ebnd\u00eb p\u00ebr jet\u00ebn dhe duke shkum\u00ebzuar nga goja.<\/p>\n<p>Ngjarja duket se nuk ka marr\u00eb v\u00ebmendjen q\u00eb meriton n\u00eb media. E p\u00ebr k\u00ebt\u00eb, n\u00eb Vlor\u00eb flasin se \u00ebsht\u00eb b\u00ebr\u00eb shkak influenca e familjar\u00ebve t\u00eb tre autor\u00ebve t\u00eb dyshuar, t\u00eb cil\u00ebt jan\u00eb njer\u00ebz me pushtet n\u00eb qytet. Vajz\u00ebs i \u00ebsht\u00eb b\u00ebr\u00eb presion dhe si pasoj\u00eb ajo ka deklaruar se ka shkuar me d\u00ebshir\u00eb m\u00eb tre djemt\u00eb e zyrtar\u00ebve nd\u00ebrsa Policia dhe Prokuroria kan\u00eb mbyllur \u00e7\u00ebshtjen.<\/p>\n<p>Duke komentuar k\u00ebt\u00eb ngjarje t\u00eb r\u00ebnd\u00eb, gazetarja vlonjate Afrovita Hysaj, ka raportuar (n\u00eb nj\u00eb faqe t\u00eb saj\u00ebn n\u00eb Facebook) se n\u00eb ngjarje jan\u00eb p\u00ebrfshir\u00eb 4 djem, dhe jo 3, si\u00e7 raportoi policia. Ajo ka dh\u00ebn\u00eb detaje duke zbuluar se motrat e dy prej autor\u00ebve t\u00eb dyshuar jan\u00eb drejtoresha n\u00eb administrat\u00eb. Nd\u00ebrsa nj\u00eb e tret\u00eb \u00ebsht\u00eb drejtuese e televizionit lokal 6+1 Vlora.<\/p>\n<p>Kjo deklarat\u00eb duket se ka irrituar drejtuesit e televizionit n\u00eb fjal\u00eb, q\u00eb kan\u00eb reaguar me nj\u00eb artikull jasht\u00eb \u00e7do norme duke sulmuar gazetaren Hysaj. N\u00eb artikullin e televizionit lokal, gazetarja etiketohet me termin e r\u00ebnd\u00eb \u201cprosti\u201d, teksa e akuzojn\u00eb se po mundohet t\u00eb p\u00ebrfshij\u00eb padrejt\u00ebsisht k\u00ebt\u00eb televizion n\u00eb ngjarje.<\/p>\n<p>Pas k\u00ebtij artikulli skandaloz, shum\u00eb gazetar\u00eb i kan\u00eb dal\u00eb n\u00eb mbrojtje koleges s\u00eb tyre Afrovita Hysaj, teksa nj\u00eb reagim ka ardhur dhe nga Unioni i Gazetar\u00ebve Shqiptar\u00eb, ku e konsideron si nj\u00eb akt t\u00eb r\u00ebnd\u00eb.<\/p>\n<p>N\u00eb nj\u00eb postim n\u00eb rrjetet sociale theksohet se \u201cp\u00ebrmes gjuh\u00ebs dhe fjalorit q\u00eb p\u00ebrmban, c\u00ebnon r\u00ebnd\u00eb kodet e etik\u00ebs s\u00eb gazetaris\u00eb, lin\u00e7on publikisht nj\u00eb punonj\u00ebse t\u00eb medias, p\u00ebrdhos komunikimin publik dhe detyrimin ndaj tij dhe sh\u00ebnon nj\u00eb precedent t\u00eb rrall\u00eb n\u00eb sulmin e nj\u00eb medieje ndaj nj\u00eb gazetareje vendore\u201d.<\/p>\n<p>Unioni i Gazetar\u00ebve Shqiptar\u00eb u k\u00ebrkon drejtuesve t\u00eb televizionit lokal q\u00eb t\u00eb heqin lajmin dhe i k\u00ebrkon AMA-s nd\u00ebrhyrjen e menj\u00ebhershme.<\/p>\n","protected":false},"excerpt":{"rendered":"<p>Opinioni publik \u00ebsht\u00eb tronditur nga nj\u00eb ngjarje e r\u00ebnd\u00eb e regjistruar pak dit\u00eb m\u00eb par\u00eb, ku nj\u00eb 26-vje\u00e7are n\u00eb Vlor\u00eb u p\u00ebrdhunua n\u00eb grup nga tre djem, sipas njoftimit t\u00eb policis\u00eb s\u00eb qytetit bregdetar. Vajza dyshohet se u drogua dhe m\u00eb pas djemt\u00eb, q\u00eb dyshohet se po festonin lirimin e shokut nga burgu, e \u00e7uan &hellip;<\/p>\n","protected":false},"author":4,"featured_media":25931,"comment_status":"open","ping_status":"open","sticky":false,"template":"","format":"standard","meta":{"footnotes":""},"categories":[37],"tags":[],"class_list":["post-61750","post","type-post","status-publish","format-standard","has-post-thumbnail","","category-politike"],"_links":{"self":[{"href":"https:\/\/rdnews.al\/index.php\/wp-json\/wp\/v2\/posts\/61750","targetHints":{"allow":["GET"]}}],"collection":[{"href":"https:\/\/rdnews.al\/index.php\/wp-json\/wp\/v2\/posts"}],"about":[{"href":"https:\/\/rdnews.al\/index.php\/wp-json\/wp\/v2\/types\/post"}],"author":[{"embeddable":true,"href":"https:\/\/rdnews.al\/index.php\/wp-json\/wp\/v2\/users\/4"}],"replies":[{"embeddable":true,"href":"https:\/\/rdnews.al\/index.php\/wp-json\/wp\/v2\/comments?post=61750"}],"version-history":[{"count":0,"href":"https:\/\/rdnews.al\/index.php\/wp-json\/wp\/v2\/posts\/61750\/revisions"}],"wp:featuredmedia":[{"embeddable":true,"href":"https:\/\/rdnews.al\/index.php\/wp-json\/wp\/v2\/media\/25931"}],"wp:attachment":[{"href":"https:\/\/rdnews.al\/index.php\/wp-json\/wp\/v2\/media?parent=61750"}],"wp:term":[{"taxonomy":"category","embeddable":true,"href":"https:\/\/rdnews.al\/index.php\/wp-json\/wp\/v2\/categories?post=61750"},{"taxonomy":"post_tag","embeddable":true,"href":"https:\/\/rdnews.al\/index.php\/wp-json\/wp\/v2\/tags?post=61750"}],"curies":[{"name":"wp","href":"https:\/\/api.w.org\/{rel}","templated":true}]}}