{"id":61753,"date":"2023-10-24T19:25:55","date_gmt":"2023-10-24T19:25:55","guid":{"rendered":"https:\/\/rdnews.al\/?p=61753"},"modified":"2023-10-24T19:26:20","modified_gmt":"2023-10-24T19:26:20","slug":"drafti-i-ri-per-veriun-asociacioni-vetem-sipas-kushtetutes-se-kosoves","status":"publish","type":"post","link":"https:\/\/rdnews.al\/index.php\/2023\/10\/24\/drafti-i-ri-per-veriun-asociacioni-vetem-sipas-kushtetutes-se-kosoves\/","title":{"rendered":"Drafti i ri p\u00ebr Veriun: &#8220;Asociacioni&#8221; vet\u00ebm sipas Kushtetut\u00ebs s\u00eb Kosov\u00ebs"},"content":{"rendered":"<p>Pes\u00ebshja e emisar\u00ebve nga BE, Gjermania, Franca, Italia dhe Shtetet e Bashkuara t\u00eb Amerik\u00ebs \u00ebsht\u00eb ndar\u00eb e k\u00ebnaqur nga takimi me Kryeministrin Kurti.<\/p>\n<p>Si\u00e7 ka raportuar Gazeta t\u00eb shtun\u00ebn pes\u00eb emisar\u00ebt kan\u00eb sjell\u00eb me vete nj\u00eb draft -statut p\u00ebr Asociacionin e Komunave me Shumic\u00eb Serbe. Kjo \u00ebsht\u00eb konfirmuar t\u00eb mart\u00ebn nga z\u00ebdh\u00ebn\u00ebsi i BE n\u00eb Bruksel Peter Stano i cili ka th\u00ebn\u00eb se b\u00ebhet fjal\u00eb p\u00ebr nj\u00eb \u201cpropozim modern p\u00ebr statutin e Asociacionit t\u00eb komunave me shumic\u00eb serbe\u201d. Tutje, m\u00ebsohet se draftin tashm\u00eb e kan\u00eb n\u00eb duar t\u00eb dyja pal\u00ebt. BE i ka ftuar Kryeministrin Kurti dhe Presidentin e Serbis\u00eb Aleksandar Vu\u00e7iq p\u00ebr takim m\u00eb 26 tetor n\u00eb Bruksel, kur pritet t\u00eb mbahet Samiti i BE. Pritjet, sipas burimeve, jan\u00eb q\u00eb t\u00eb arrihet nj\u00ebfar\u00eb dakord\u00ebsie n\u00eb Bruksel p\u00ebr Asociacionin. Express merr vesh se drafti i dorezuar nga Pes\u00ebshja \u00ebsht\u00eb i ngjash\u00ebm diku rreth 70 p\u00ebrqind me propozimin e Institutit Friedrich-Ebert-Stiftung\u201d dhe \u201cInstitutit Evropian p\u00ebr Paqe\u201d n\u00eb fillm t\u00eb janarit t\u00eb k\u00ebtij viti.<\/p>\n<p>Drafti i FES kishte 7 kapituj me gjithsej 18 nene.<\/p>\n<p>Sipas tyre, Asociacioni do t\u00eb jet\u00eb si person juridik i themeluar n\u00eb p\u00ebrputhje me Kushtetut\u00ebn dhe sistemin juridik t\u00eb Kosov\u00ebs. Tutje theksohet se Asociacioni\/Bashk\u00ebsia do t\u00eb ket\u00eb simbolet e veta zyrtare, duke p\u00ebrfshir\u00eb stem\u00ebn dhe flamurin, t\u00eb cilat do t\u00eb dizajnohen nga Bordi i Asociacionit\/Bashk\u00ebsis\u00eb n\u00eb p\u00ebrputhje me Kushtetut\u00ebn e Republik\u00ebs s\u00eb Kosov\u00ebs dhe Ligjin p\u00ebr Qeverisje Lokale.<\/p>\n<p>Ndryshe, Kryeministri Kurti ka reaguar me tone pozitive pas takimit me pes\u00ebshen n\u00eb Prishtin\u00eb duke i fal\u00ebnderuar ata p\u00ebr planin e ri n\u00eb m\u00ebnyr\u00eb q\u00eb t\u00eb ecet p\u00ebrpara.<\/p>\n","protected":false},"excerpt":{"rendered":"<p>Pes\u00ebshja e emisar\u00ebve nga BE, Gjermania, Franca, Italia dhe Shtetet e Bashkuara t\u00eb Amerik\u00ebs \u00ebsht\u00eb ndar\u00eb e k\u00ebnaqur nga takimi me Kryeministrin Kurti. Si\u00e7 ka raportuar Gazeta t\u00eb shtun\u00ebn pes\u00eb emisar\u00ebt kan\u00eb sjell\u00eb me vete nj\u00eb draft -statut p\u00ebr Asociacionin e Komunave me Shumic\u00eb Serbe. Kjo \u00ebsht\u00eb konfirmuar t\u00eb mart\u00ebn nga z\u00ebdh\u00ebn\u00ebsi i BE n\u00eb &hellip;<\/p>\n","protected":false},"author":4,"featured_media":57825,"comment_status":"open","ping_status":"open","sticky":false,"template":"","format":"standard","meta":{"footnotes":""},"categories":[38],"tags":[],"class_list":["post-61753","post","type-post","status-publish","format-standard","has-post-thumbnail","","category-bota"],"_links":{"self":[{"href":"https:\/\/rdnews.al\/index.php\/wp-json\/wp\/v2\/posts\/61753","targetHints":{"allow":["GET"]}}],"collection":[{"href":"https:\/\/rdnews.al\/index.php\/wp-json\/wp\/v2\/posts"}],"about":[{"href":"https:\/\/rdnews.al\/index.php\/wp-json\/wp\/v2\/types\/post"}],"author":[{"embeddable":true,"href":"https:\/\/rdnews.al\/index.php\/wp-json\/wp\/v2\/users\/4"}],"replies":[{"embeddable":true,"href":"https:\/\/rdnews.al\/index.php\/wp-json\/wp\/v2\/comments?post=61753"}],"version-history":[{"count":0,"href":"https:\/\/rdnews.al\/index.php\/wp-json\/wp\/v2\/posts\/61753\/revisions"}],"wp:featuredmedia":[{"embeddable":true,"href":"https:\/\/rdnews.al\/index.php\/wp-json\/wp\/v2\/media\/57825"}],"wp:attachment":[{"href":"https:\/\/rdnews.al\/index.php\/wp-json\/wp\/v2\/media?parent=61753"}],"wp:term":[{"taxonomy":"category","embeddable":true,"href":"https:\/\/rdnews.al\/index.php\/wp-json\/wp\/v2\/categories?post=61753"},{"taxonomy":"post_tag","embeddable":true,"href":"https:\/\/rdnews.al\/index.php\/wp-json\/wp\/v2\/tags?post=61753"}],"curies":[{"name":"wp","href":"https:\/\/api.w.org\/{rel}","templated":true}]}}