{"id":61800,"date":"2023-10-25T10:57:24","date_gmt":"2023-10-25T10:57:24","guid":{"rendered":"https:\/\/rdnews.al\/?p=61800"},"modified":"2023-10-25T10:57:24","modified_gmt":"2023-10-25T10:57:24","slug":"rama-e-kuptoi-se-kjo-ishte-beteje-pa-kthim-ndaj-mendoi-ti-jape-goditje-te-re-opozites-me-nje-proces-politik-te-shekullit","status":"publish","type":"post","link":"https:\/\/rdnews.al\/index.php\/2023\/10\/25\/rama-e-kuptoi-se-kjo-ishte-beteje-pa-kthim-ndaj-mendoi-ti-jape-goditje-te-re-opozites-me-nje-proces-politik-te-shekullit\/","title":{"rendered":"Rama e kuptoi se kjo ishte betej\u00eb pa kthim ndaj mendoi t\u2019i jap\u00eb goditje t\u00eb re opozit\u00ebs me nj\u00eb proces politik t\u00eb shekullit"},"content":{"rendered":"<p>Kryetari i PD, Sali Berisha tha gjat\u00eb fjal\u00ebs s\u00eb tij n\u00eb mbledhjen e kryesis\u00eb se, pasi Rama e kuptoi se kjo ishte betej\u00eb pa kthim, mendoi t\u2019i jap\u00eb goditje t\u00eb re opozit\u00ebs me nj\u00eb proces politik t\u00eb shekullit. Ai tha se, n\u00eb Shqip\u00ebri, opozita \u00ebsht\u00eb nj\u00eb armike e eg\u00ebr, e papajtueshme nj\u00ebsoj si n\u00eb ideologjin\u00eb e et\u00ebrve t\u00eb tij.<br \/>\n\u201cE thirr\u00ebm k\u00ebt\u00eb mbledhje p\u00ebr t\u00eb diskutuar mbi nj\u00eb situat\u00eb sa recente, aq edhe t\u00eb kahershme.<br \/>\nP\u00ebr t\u00eb diskutuar nj\u00eb gjendje t\u00eb opozit\u00ebs shqiptare, e cila pas daljes s\u00eb saj jasht\u00eb kontrollit t\u00eb Edi Ram\u00ebs, ose p\u00ebr mbajtjen e saj n\u00ebn kontrollin e tij, u nis nj\u00eb betej\u00eb m\u00eb e egra, m\u00eb e turpshmja, m\u00eb antidemokratikja, por edhe antikomb\u00ebtare, ndaj opozit\u00ebs. P\u00ebr ta patur at\u00eb n\u00eb kontrollin e plot\u00eb t\u00eb qeveris\u00eb.<br \/>\nMir\u00ebpo fal\u00eb idealeve demokratike t\u00eb qytetar\u00ebve shqiptar\u00eb, guximit t\u00eb tyre, vendosm\u00ebris\u00eb p\u00ebr t\u2019i mbrojtur ato ideale, q\u00eb n\u00eb fakt synon shkat\u00ebrrimin e kombit shqiptar, ose krjimin e kombit t\u00eb d\u00ebshp\u00ebrimit n\u00eb k\u00ebt\u00eb truall, m\u00eb i pasuri n\u00eb begati dhe pasuri natyrore se \u00e7do truall tjet\u00ebr.<br \/>\nRr\u00ebzimi i opozit\u00ebs \u00ebsht\u00eb rr\u00ebnimi i kombit. Asnj\u00eb pushtim n\u00eb Shqip\u00ebri dhe as n\u00eb trojet shqiptare kudo q\u00eb jan\u00eb, as n\u00eb Kosov\u00eb, n\u00eb nj\u00eb hark kohor 8-vje\u00e7ar, nuk ka larguar nga trojet shqiptare, nuk ka deportuar, nuk ka internuar 35 p\u00ebrqind t\u00eb kombit, si\u00e7 ka ndodhur me kombin shqiptar q\u00eb jeton n\u00eb Shqip\u00ebri.<br \/>\nN\u00eb Shqip\u00ebri, opozita \u00ebsht\u00eb nj\u00eb armike e eg\u00ebr, e papajtueshme nj\u00ebsoj si n\u00eb ideologjin\u00eb e et\u00ebrve t\u00eb tij. Ndaj saj mund t\u00eb nd\u00ebrmerret \u00e7do mas\u00eb, \u00e7do vendim, \u00e7do q\u00ebndrim.<br \/>\nE v\u00ebrteta \u00ebsht\u00eb se regjimi humbi kontrollin mbi opozit\u00ebn, kjo ishte vet\u00ebm nj\u00ebra an\u00eb se ai mbajti kontrollin mbi shoq\u00ebrin\u00eb. Dhe kontrolli mbi shoq\u00ebrin\u00eb i regjimit, n\u00eb nj\u00eb m\u00ebnyr\u00eb apo nj\u00eb tjet\u00ebr, p\u00ebrs\u00ebri e b\u00ebn opozit\u00ebn nj\u00eb institucion pa t\u00eb ardhme.<br \/>\nKur misioni i saj kryesor \u00ebsht\u00eb alternanca e pushtetit, me aktet, me kontrollin policor t\u00eb vullnetit t\u00eb qytetar\u00ebve, Edi Rama de facto garanton n\u00eb perpetua mobile, pushtetin e tij. P\u00ebrjashton alternanc\u00ebn dhe rotacionin. Por, Edi Rama nuk mjaftohet vet\u00ebm me kaq.<br \/>\nAi n\u00eb tradit\u00ebn m\u00eb t\u00eb eg\u00ebr t\u00eb et\u00ebrve t\u00eb tij, nuk mund t\u00eb pranoj\u00eb hap\u00ebsir\u00ebn as p\u00ebr at\u00eb pjes\u00eb t\u00eb opozit\u00ebs q\u00eb vjen n\u00eb parlament dhe q\u00eb p\u00ebrfaq\u00ebson rreth 600 mij\u00eb shqiptar\u00eb q\u00eb n\u00eb kutit\u00eb e votimit, hodh\u00ebn vot\u00ebn kund\u00ebr tij. N\u00eb k\u00ebt\u00eb kontekst, kurr\u00eb ndonj\u00ebher\u00eb, kurr\u00eb, nuk ka ekzistuar nj\u00eb opozit\u00eb parlamentare e bllokuar si opozita parlamentare e Shqip\u00ebris\u00eb.<br \/>\nNj\u00eb opozit\u00eb e cila, si nj\u00eb armike, nuk i jepen dokumentet nga ministrit\u00eb dhe agjencit\u00eb p\u00ebr t\u00eb p\u00ebrmbushur detyrimet e saj. Nj\u00eb opozit\u00eb, t\u00eb cil\u00ebs u shkelmohet e drejta kushtetuese p\u00ebr t\u00eb ngritur komisione hetimore. Nj\u00eb opozit\u00eb, e cila nuk mund t\u00eb th\u00ebrras\u00eb n\u00eb komisione ministrat p\u00ebr t\u00eb k\u00ebrkuar llogari dhe p\u00ebrgjegj\u00ebsi atyre p\u00ebr keqqeverisjen ekstreme. Nj\u00eb opozit\u00eb, e cila harton ligje n\u00eb p\u00ebrputhje me detyrimin e saj kushtetues, me garancit\u00eb kushtetuese, harton amendamente, harton rezoluta, i dor\u00ebzon n\u00eb parlament dhe Edi Rama i ndryn ato n\u00eb sirtarin e parlamentit.<br \/>\nAi mendoi se tani k\u00ebta u ambientuan me k\u00ebt\u00eb situat\u00eb. Ai mendon se k\u00ebtyre q\u00eb u grabita vot\u00ebn, k\u00ebtyre q\u00eb u mora vul\u00ebn, sigl\u00ebn, u b\u00ebra \u00e7far\u00eb desha, k\u00ebta tani jan\u00eb nj\u00eb grup llafazan\u00ebsh t\u00eb cil\u00ebt flasin, po le t\u00eb flasin. Po n\u00eb parlament ata nuk mund t\u00eb ken\u00eb asnj\u00eb aktivitet real p\u00ebrve\u00e7 asaj t\u00eb foltores.<br \/>\nMendoj se mbledhja e grupit parlamentar i dha p\u00ebrgjigjen m\u00eb t\u00eb shk\u00eblqyer k\u00ebsaj situate. Deputet\u00ebt vendos\u00ebn t\u00eb fillojn\u00eb vet\u00eb betej\u00ebn. Ta fillojn\u00eb n\u00eb parlament, aty ky shkelmimi i p\u00ebrfaq\u00ebsimit t\u00eb interesave t\u00eb qytetar\u00ebve shqiptar\u00eb \u00ebsht\u00eb n\u00eb shkall\u00eb esktreme. Dhe, sot jan\u00eb 600 mij\u00eb qytetar\u00eb, t\u00eb cil\u00ebt ndjekin me shqet\u00ebsim shum\u00eb t\u00eb madh k\u00ebto zhvillime. Por ama, p\u00ebrs\u00ebri shpresa e vetme e tyre jemi ne.<br \/>\nPasi Edi Rama e pa q\u00eb nuk ka m\u00eb biznes si zakonisht, pasi e kuptoi se kjo betej\u00eb \u00ebsht\u00eb pa kthim, n\u00eb nj\u00eb akt unik n\u00eb historin\u00eb e bot\u00ebs, jo n\u00eb diktaturat komuniste, ai vendos t\u2019i kufizoj\u00eb l\u00ebvizjen pa parlament, kryetarit t\u00eb opozit\u00ebs. E pa q\u00eb me t\u00eb gjith\u00eb at\u00eb setapin e vendimeve t\u00eb qeveris\u00eb s\u00eb tij dhe vendimeve nd\u00ebrkomb\u00ebtare q\u00eb ai mbetej i vendosur n\u00eb bindjen dhe idealet e tij, at\u00ebher\u00eb zgjodhi rrug\u00ebn tjet\u00ebr, mendoi se do i hap\u00eb nj\u00eb goditje t\u00eb re opozit\u00ebs, me nj\u00eb proces politik t\u00eb shekullit.<br \/>\nPse un\u00eb e quaj k\u00ebt\u00eb nj\u00eb proces politik t\u00eb shekullit? Edhe Putini ka d\u00ebnuar opozitar\u00eb. Edhe Lukashenko d\u00ebnon opozitar\u00eb. Po ky jo, prisni, \u00ebsht\u00eb ndryshe. K\u00ebtu Edi Rama me dy-tre larot e tij, merr p\u00ebrsip\u00ebr t\u00eb b\u00ebj\u00eb gjyqin e reformave q\u00eb transformuan k\u00ebt\u00eb vend.<br \/>\nKurr\u00eb Shqip\u00ebria nuk ka njohur ndonj\u00ebher\u00eb reforma m\u00eb transformuese si ato t\u00eb vitit 2005-2009\u201d, u shpreh Berisha.<\/p>\n","protected":false},"excerpt":{"rendered":"<p>Kryetari i PD, Sali Berisha tha gjat\u00eb fjal\u00ebs s\u00eb tij n\u00eb mbledhjen e kryesis\u00eb se, pasi Rama e kuptoi se kjo ishte betej\u00eb pa kthim, mendoi t\u2019i jap\u00eb goditje t\u00eb re opozit\u00ebs me nj\u00eb proces politik t\u00eb shekullit. Ai tha se, n\u00eb Shqip\u00ebri, opozita \u00ebsht\u00eb nj\u00eb armike e eg\u00ebr, e papajtueshme nj\u00ebsoj si n\u00eb ideologjin\u00eb &hellip;<\/p>\n","protected":false},"author":4,"featured_media":0,"comment_status":"open","ping_status":"open","sticky":false,"template":"","format":"standard","meta":{"footnotes":""},"categories":[37],"tags":[],"class_list":["post-61800","post","type-post","status-publish","format-standard","","category-politike"],"_links":{"self":[{"href":"https:\/\/rdnews.al\/index.php\/wp-json\/wp\/v2\/posts\/61800","targetHints":{"allow":["GET"]}}],"collection":[{"href":"https:\/\/rdnews.al\/index.php\/wp-json\/wp\/v2\/posts"}],"about":[{"href":"https:\/\/rdnews.al\/index.php\/wp-json\/wp\/v2\/types\/post"}],"author":[{"embeddable":true,"href":"https:\/\/rdnews.al\/index.php\/wp-json\/wp\/v2\/users\/4"}],"replies":[{"embeddable":true,"href":"https:\/\/rdnews.al\/index.php\/wp-json\/wp\/v2\/comments?post=61800"}],"version-history":[{"count":0,"href":"https:\/\/rdnews.al\/index.php\/wp-json\/wp\/v2\/posts\/61800\/revisions"}],"wp:attachment":[{"href":"https:\/\/rdnews.al\/index.php\/wp-json\/wp\/v2\/media?parent=61800"}],"wp:term":[{"taxonomy":"category","embeddable":true,"href":"https:\/\/rdnews.al\/index.php\/wp-json\/wp\/v2\/categories?post=61800"},{"taxonomy":"post_tag","embeddable":true,"href":"https:\/\/rdnews.al\/index.php\/wp-json\/wp\/v2\/tags?post=61800"}],"curies":[{"name":"wp","href":"https:\/\/api.w.org\/{rel}","templated":true}]}}