{"id":61824,"date":"2023-10-25T16:28:52","date_gmt":"2023-10-25T16:28:52","guid":{"rendered":"https:\/\/rdnews.al\/?p=61824"},"modified":"2023-10-25T17:30:23","modified_gmt":"2023-10-25T17:30:23","slug":"berisha-beteje-ne-te-gjitha-format-opozita-do-vijoje-aksionin-e-saj-politik-te-nisur-ne-parlament","status":"publish","type":"post","link":"https:\/\/rdnews.al\/index.php\/2023\/10\/25\/berisha-beteje-ne-te-gjitha-format-opozita-do-vijoje-aksionin-e-saj-politik-te-nisur-ne-parlament\/","title":{"rendered":"Berisha: Betej\u00eb n\u00eb t\u00eb gjitha format, opozita do vijoj\u00eb aksionin e saj politik t\u00eb nisur n\u00eb parlament"},"content":{"rendered":"<p>Kryetari i PD, Sali Berisha deklaroi p\u00ebr mediat pas mbledhjes s\u00eb Kryesis\u00eb s\u00eb PD, se do t\u00eb vijojn\u00eb betej\u00ebn kund\u00ebr mazhoranc\u00ebs dhe qeveris\u00eb s\u00eb Edi Ram\u00ebs n\u00eb \u00e7do lloj forme.<\/p>\n<p>Ai kujtoi se t\u00eb premten mblidhet K\u00ebshilli Komb\u00ebtar. Pas k\u00ebsaj, shtoi se do t\u00eb diskutohet p\u00ebr veprimet, takimet dhe gjith\u00e7ka q\u00eb do t\u00eb ndodh\u00eb. Berisha theksoi se q\u00ebndrimet e tyre nuk kan\u00eb ndryshuar dhe n\u00eb asnj\u00eb m\u00ebnyr\u00eb nuk do t\u00eb pranojn\u00eb t\u00eb q\u00ebndrojn\u00eb si opozit\u00eb fiktive n\u00eb parlament.<\/p>\n<p>\u201cKjo \u00ebsht\u00eb nj\u00eb betej\u00eb kund\u00ebr nj\u00eb diktature t\u00eb instaluar, t\u00eb bazuar n\u00eb drog\u00ebn, krimin dhe vjedhjen e shqiptar\u00ebve, asgj\u00ebsimin e opozit\u00ebs. Opozita shqiptare ndodhet para, de facto, asgj\u00ebsimit t\u00eb saj n\u00eb qoft\u00eb se do t\u00eb vazhdonte si\u00e7 erdhi. Dita e enjte n\u00eb t\u00eb cil\u00ebn deputet\u00ebt, t\u00eb betuar, se nisin nj\u00eb betej\u00eb pa kthim, sh\u00ebnon nj\u00eb kthes\u00eb t\u00eb madhe n\u00eb p\u00ebrpjekjen e opozit\u00ebs, n\u00eb q\u00ebndres\u00ebn e opozit\u00ebs, n\u00eb betej\u00ebn e opozit\u00ebs p\u00ebr rivendosjen e pluralizmit dhe rikthimin e vot\u00ebs s\u00eb lir\u00eb n\u00eb Shqip\u00ebri. Kur themi betej\u00eb pa kthim do p\u00ebrdorim \u00e7do form\u00eb proteste sepse k\u00ebtu ka nj\u00eb gj\u00eb, Edi Rama nuk pranon opozit\u00eb tjet\u00ebr, vet\u00ebm at\u00eb q\u00eb kontrollon. Kur opozita q\u00eb nuk kontrollohej prej tij i tregoi vendin ai vazhdoi n\u00eb k\u00ebto veprime, ndaj dhe k\u00ebtu mos prisni ju q\u00eb l\u00ebvizja jon\u00eb do t\u00eb nd\u00ebrpritet, apo beteja jon\u00eb do t\u00eb nd\u00ebrpritet\u201d, u shpreh Berisha.<\/p>\n<p><strong>Pyetje: Si do t\u00eb vazhdoj\u00eb kjo betej\u00eb, n\u00eb protesta. \u00c7far\u00eb diskutimesh keni b\u00ebr\u00eb?<\/strong><\/p>\n<p><strong>Sali Berisha:<\/strong>\u00a0Kjo \u00ebsht\u00eb nj\u00eb betej\u00eb kund\u00ebr nj\u00eb diktature t\u00eb bazuar n\u00eb drog\u00ebn, krimin e vjedhjen e shqiptar\u00ebve, asgj\u00ebsimin e opozit\u00ebs. Opozita shqiptare ndodhet para Defacto asgj\u00ebsimit t\u00eb saj n\u00ebse vazhdonte si\u00e7 erdhi. Dita e enjte n\u00eb t\u00eb cil\u00ebn deputetet t\u00eb betuar t\u00eb nisin betej\u00ebn pa kthim, sh\u00ebnon nj\u00eb kthes\u00eb t\u00eb madhe n\u00eb p\u00ebrpjekjen e opozit\u00ebs, n\u00eb q\u00ebndres\u00ebn e betej\u00ebn e opozit\u00ebs n\u00eb vendosjen e pluralizmit dhe vendosjen e vot\u00ebs s\u00eb lir\u00eb. \u00a0Kur themi betej\u00eb pa kthim, ju garantoj se do t\u00eb jet\u00eb n\u00eb \u00e7do form\u00eb sepse k\u00ebtu ka nj\u00eb gj\u00eb, Edi Rama nuk pranon opozit\u00eb tjet\u00ebr vet\u00ebm at\u00eb q\u00eb kontrollon. Kur opozita q\u00eb nuk kontrollohej prej tij i tregoi vendin, ai u hodh n\u00eb k\u00ebto veprime ndaj dhe k\u00ebtu mos prisni q\u00eb l\u00ebvizja apo beteja jon\u00eb t\u00eb nd\u00ebrpritet.<\/p>\n<p><strong>Pyetje: Kur do t\u00eb dilni n\u00eb baz\u00eb?<\/strong><\/p>\n<p><strong>Sali Berisha:\u00a0<\/strong>Dit\u00ebn e premte, \u00ebsht\u00eb Mbledhja e K\u00ebshillit komb\u00ebtar dhe pasi t\u00eb mblidhet do t\u00eb diskutohet p\u00ebr t\u00eb gjitha.<\/p>\n<p><strong>Pyetje: T\u00eb h\u00ebn\u00ebn \u00ebsht\u00eb seanca plenare a keni diskutuar se \u00e7ar\u00eb do t\u00eb b\u00ebni?<\/strong><\/p>\n<p><strong>Sali Berisha:\u00a0<\/strong>Asgj\u00eb nuk ka ndryshuar n\u00eb q\u00ebllimin ton\u00eb dhe nuk do t\u00eb ndryshoj\u00eb, Ne nuk pranojm\u00eb n\u00eb m\u00ebnyr\u00eb absolute q\u00eb q\u00ebndrojm\u00eb opozit\u00eb fiktive n\u00eb parlament.<\/p>\n<p><strong>Pyetje: Po me Ilir Met\u00ebn?<\/strong><\/p>\n<p><strong>Berisha:\u00a0<\/strong>Kemi nj\u00eb koordinim, shum\u00eb t\u00eb mir\u00eb.<\/p>\n","protected":false},"excerpt":{"rendered":"<p>Kryetari i PD, Sali Berisha deklaroi p\u00ebr mediat pas mbledhjes s\u00eb Kryesis\u00eb s\u00eb PD, se do t\u00eb vijojn\u00eb betej\u00ebn kund\u00ebr mazhoranc\u00ebs dhe qeveris\u00eb s\u00eb Edi Ram\u00ebs n\u00eb \u00e7do lloj forme. Ai kujtoi se t\u00eb premten mblidhet K\u00ebshilli Komb\u00ebtar. Pas k\u00ebsaj, shtoi se do t\u00eb diskutohet p\u00ebr veprimet, takimet dhe gjith\u00e7ka q\u00eb do t\u00eb ndodh\u00eb. Berisha &hellip;<\/p>\n","protected":false},"author":4,"featured_media":61856,"comment_status":"open","ping_status":"open","sticky":false,"template":"","format":"standard","meta":{"footnotes":""},"categories":[37],"tags":[],"class_list":["post-61824","post","type-post","status-publish","format-standard","has-post-thumbnail","","category-politike"],"_links":{"self":[{"href":"https:\/\/rdnews.al\/index.php\/wp-json\/wp\/v2\/posts\/61824","targetHints":{"allow":["GET"]}}],"collection":[{"href":"https:\/\/rdnews.al\/index.php\/wp-json\/wp\/v2\/posts"}],"about":[{"href":"https:\/\/rdnews.al\/index.php\/wp-json\/wp\/v2\/types\/post"}],"author":[{"embeddable":true,"href":"https:\/\/rdnews.al\/index.php\/wp-json\/wp\/v2\/users\/4"}],"replies":[{"embeddable":true,"href":"https:\/\/rdnews.al\/index.php\/wp-json\/wp\/v2\/comments?post=61824"}],"version-history":[{"count":0,"href":"https:\/\/rdnews.al\/index.php\/wp-json\/wp\/v2\/posts\/61824\/revisions"}],"wp:featuredmedia":[{"embeddable":true,"href":"https:\/\/rdnews.al\/index.php\/wp-json\/wp\/v2\/media\/61856"}],"wp:attachment":[{"href":"https:\/\/rdnews.al\/index.php\/wp-json\/wp\/v2\/media?parent=61824"}],"wp:term":[{"taxonomy":"category","embeddable":true,"href":"https:\/\/rdnews.al\/index.php\/wp-json\/wp\/v2\/categories?post=61824"},{"taxonomy":"post_tag","embeddable":true,"href":"https:\/\/rdnews.al\/index.php\/wp-json\/wp\/v2\/tags?post=61824"}],"curies":[{"name":"wp","href":"https:\/\/api.w.org\/{rel}","templated":true}]}}