{"id":61832,"date":"2023-10-25T16:40:15","date_gmt":"2023-10-25T16:40:15","guid":{"rendered":"https:\/\/rdnews.al\/?p=61832"},"modified":"2023-10-25T16:41:29","modified_gmt":"2023-10-25T16:41:29","slug":"avokati-i-berishes-gjokutaj-gjykata-po-refuzon-te-na-jape-aktet-e-hetimit","status":"publish","type":"post","link":"https:\/\/rdnews.al\/index.php\/2023\/10\/25\/avokati-i-berishes-gjokutaj-gjykata-po-refuzon-te-na-jape-aktet-e-hetimit\/","title":{"rendered":"Avokati i Berish\u00ebs, Gjokutaj: Gjykata po refuzon t\u00eb na jap\u00eb aktet e hetimit"},"content":{"rendered":"<p>Avokat\u00ebt e kryetarit t\u00eb PD, Sali Berisha, Genc Gjokutaj dhe Sokol M\u00ebngjesi, kan\u00eb deklaruar p\u00ebr mediat, se Gjykata e Posa\u00e7me ka refuzuar tu jap\u00eb aktet e hetimit, dhe se po p\u00ebrdor instrumente dhe justifikime p\u00ebr t\u00eb mos i dh\u00ebn\u00eb ato.<\/p>\n<p>\u201cU paraqit\u00ebm sot n\u00eb seanc\u00eb, kemi paraqit dje nj\u00eb k\u00ebrkes\u00eb p\u00ebr p\u00ebrjashtimin e gjyqtares Gjoka dhe sot kemi b\u00ebr\u00eb k\u00ebrkes\u00eb p\u00ebr proces verbalin audio dhe gjyq\u00ebsor.<\/p>\n<p>K\u00ebrkuam q\u00eb Gjykata t\u00eb vendos\u00eb t\u00eb na jap\u00eb kopje t\u00eb akteve, q\u00eb pretendon se e ka vendosur dje, pa u njohur me aktet merr vendim p\u00ebr vazhdim seance.<\/p>\n<p>Gjykata refuzoi k\u00ebrkes\u00ebn q\u00eb \u00e7\u00ebshtja t\u00eb d\u00ebrgohej p\u00ebr shqyrtim n\u00eb Gjykat\u00ebn Kushtetuese.<\/p>\n<p>Pasi na rr\u00ebzoi k\u00ebrkes\u00ebn, ne u larguam nga seanca. Gjykata po p\u00ebrdor instrumente dhe justifikime p\u00ebr t\u00eb mos na njohur me aktet.<\/p>\n<p>Seanca e verifikimit dhe ekzekutimit, rishikon dhe nj\u00eb her\u00eb seanc\u00ebn e par\u00eb dhe verifikohen dhe nj\u00eb her\u00eb kushtet e m\u00ebparshme\u201d,\u00a0tha avokati Genc Gjokutaj.<\/p>\n","protected":false},"excerpt":{"rendered":"<p>Avokat\u00ebt e kryetarit t\u00eb PD, Sali Berisha, Genc Gjokutaj dhe Sokol M\u00ebngjesi, kan\u00eb deklaruar p\u00ebr mediat, se Gjykata e Posa\u00e7me ka refuzuar tu jap\u00eb aktet e hetimit, dhe se po p\u00ebrdor instrumente dhe justifikime p\u00ebr t\u00eb mos i dh\u00ebn\u00eb ato. \u201cU paraqit\u00ebm sot n\u00eb seanc\u00eb, kemi paraqit dje nj\u00eb k\u00ebrkes\u00eb p\u00ebr p\u00ebrjashtimin e gjyqtares Gjoka &hellip;<\/p>\n","protected":false},"author":4,"featured_media":61833,"comment_status":"open","ping_status":"open","sticky":false,"template":"","format":"standard","meta":{"footnotes":""},"categories":[37],"tags":[],"class_list":["post-61832","post","type-post","status-publish","format-standard","has-post-thumbnail","","category-politike"],"_links":{"self":[{"href":"https:\/\/rdnews.al\/index.php\/wp-json\/wp\/v2\/posts\/61832","targetHints":{"allow":["GET"]}}],"collection":[{"href":"https:\/\/rdnews.al\/index.php\/wp-json\/wp\/v2\/posts"}],"about":[{"href":"https:\/\/rdnews.al\/index.php\/wp-json\/wp\/v2\/types\/post"}],"author":[{"embeddable":true,"href":"https:\/\/rdnews.al\/index.php\/wp-json\/wp\/v2\/users\/4"}],"replies":[{"embeddable":true,"href":"https:\/\/rdnews.al\/index.php\/wp-json\/wp\/v2\/comments?post=61832"}],"version-history":[{"count":0,"href":"https:\/\/rdnews.al\/index.php\/wp-json\/wp\/v2\/posts\/61832\/revisions"}],"wp:featuredmedia":[{"embeddable":true,"href":"https:\/\/rdnews.al\/index.php\/wp-json\/wp\/v2\/media\/61833"}],"wp:attachment":[{"href":"https:\/\/rdnews.al\/index.php\/wp-json\/wp\/v2\/media?parent=61832"}],"wp:term":[{"taxonomy":"category","embeddable":true,"href":"https:\/\/rdnews.al\/index.php\/wp-json\/wp\/v2\/categories?post=61832"},{"taxonomy":"post_tag","embeddable":true,"href":"https:\/\/rdnews.al\/index.php\/wp-json\/wp\/v2\/tags?post=61832"}],"curies":[{"name":"wp","href":"https:\/\/api.w.org\/{rel}","templated":true}]}}