{"id":61836,"date":"2023-10-25T16:53:52","date_gmt":"2023-10-25T16:53:52","guid":{"rendered":"https:\/\/rdnews.al\/?p=61836"},"modified":"2023-10-25T17:56:20","modified_gmt":"2023-10-25T17:56:20","slug":"gjykata-i-cakton-berishes-si-avokat-militantin-e-ps-qe-mbeshtet-hamasin","status":"publish","type":"post","link":"https:\/\/rdnews.al\/index.php\/2023\/10\/25\/gjykata-i-cakton-berishes-si-avokat-militantin-e-ps-qe-mbeshtet-hamasin\/","title":{"rendered":"Gjykata i cakton Berish\u00ebs si avokat militantin e PS q\u00eb mb\u00ebshtet Hamasin"},"content":{"rendered":"<p>Avokat\u00ebt mbrojt\u00ebs t\u00eb kryetarit t\u00eb PD, Sali Berisha jan\u00eb larguar nga salla e gjyqit ku po zhvillohej seanca p\u00ebr njohjen me mas\u00ebn e dh\u00ebn\u00eb nga GJKKO, pasi gjyqtarja nuk ka pranuar k\u00ebrkesat e tyre. Pas k\u00ebtij veprimi t\u00eb mbrojtjes, nj\u00eb tjet\u00ebr skandal ka ndodhur me urdh\u00ebr politik nga Edi Rama, ku gjykata i ka caktuar Berish\u00ebs nj\u00eb avokat \u2018kryesisht\u2019 nga shteti, militantin e PS, Artan Simoni.<\/p>\n<p>Prej disa dit\u00ebsh kreu i opozit\u00ebs ka hedhur akuza ndaj kryeministrit Edi Rama i cili me urdhrat e tij politik\u00eb po \u201cgodet\u201d Sali Berish\u00ebn. Avokati i caktuar nga Rama, Artan Simoni shfaqet hapur kund\u00ebr kryetarit t\u00eb PD, Sali Berisha. Para dy dit\u00ebsh ai shkruante fjal\u00eb denigruse n\u00eb Facebook kund\u00ebr Berish\u00ebs.<\/p>\n<p><img loading=\"lazy\" decoding=\"async\" class=\"alignnone size-medium wp-image-61861\" src=\"https:\/\/rdnews.al\/wp-content\/uploads\/2023\/10\/ss-2-300x174.jpg\" alt=\"\" width=\"300\" height=\"174\" srcset=\"https:\/\/rdnews.al\/wp-content\/uploads\/2023\/10\/ss-2-300x174.jpg 300w, https:\/\/rdnews.al\/wp-content\/uploads\/2023\/10\/ss-2.jpg 640w\" sizes=\"auto, (max-width: 300px) 100vw, 300px\" \/><\/p>\n<p>Po kush \u00ebsht\u00eb Artan Simoni?<\/p>\n<p>Nga nj\u00eb v\u00ebshtrim n\u00eb rrjetin e tij social, Simoni, rezulton nj\u00eb militant i thekur, jo vet\u00ebm i Partis\u00eb Socialiste, ku duket n\u00eb nj\u00eb postim q\u00eb sulmon liderin e opozit\u00ebs n\u00eb postim t\u00eb dy dit\u00ebve m\u00eb par\u00eb, por ai \u00ebsht\u00eb edhe nj\u00eb militant i verb\u00ebr i organizat\u00ebs terroriste Hamas, e cila sulmoi Izraelin dy jav\u00eb m\u00eb par\u00eb.<\/p>\n<p>Sipas vet\u00eb postimeve t\u00eb Artan Simonit n\u00eb rrjetet sociale, dallohet se avokati \u00ebsht\u00eb edhe p\u00ebrkrah\u00ebs i sulmeve t\u00eb terrorist\u00ebve t\u00eb Hamasit ndaj Izraelit.<\/p>\n<p>Ngelet p\u00ebr t\u2019u par\u00eb se deri ku do t\u00eb shkoj\u00eb marr\u00ebzia e Edi Ram\u00ebs n\u00eb p\u00ebrdorimin e pushtetit gjyq\u00ebsor ndaj kund\u00ebrshtarit t\u00eb tij politik Sali Berisha, pas veprimeve t\u00eb fundit antikushtetuese t\u00eb nd\u00ebrmarra ndaj kryetarit t\u00eb opozit\u00ebs shqiptare.<\/p>\n<p><img loading=\"lazy\" decoding=\"async\" class=\"alignnone size-medium wp-image-61839\" src=\"https:\/\/rdnews.al\/wp-content\/uploads\/2023\/10\/1-23-226x300.jpg\" alt=\"\" width=\"226\" height=\"300\" srcset=\"https:\/\/rdnews.al\/wp-content\/uploads\/2023\/10\/1-23-226x300.jpg 226w, https:\/\/rdnews.al\/wp-content\/uploads\/2023\/10\/1-23-772x1024.jpg 772w, https:\/\/rdnews.al\/wp-content\/uploads\/2023\/10\/1-23-768x1019.jpg 768w, https:\/\/rdnews.al\/wp-content\/uploads\/2023\/10\/1-23.jpg 900w\" sizes=\"auto, (max-width: 226px) 100vw, 226px\" \/><\/p>\n<p>Avokati Genc Gjokutaj tha se, kemi k\u00ebrkuar q\u00eb gjykata t\u00eb na jap\u00eb nj\u00eb kopje t\u00eb akteve q\u00eb Gjykata pretendon se e ka vendosur dje, dhe pa u njohur me aktet merr vendim q\u00eb t\u00eb vazhdoj\u00eb seanc\u00ebn.<\/p>\n<p>\u201cNe u paraqit\u00ebm sot n\u00eb seanc\u00eb, si\u00e7 e dini kemi paraqitur nj\u00eb k\u00ebrkes\u00eb dje p\u00ebr p\u00ebrjashtimin e gjyqares dhe sot kemi b\u00ebr\u00eb k\u00ebrkes\u00eb q\u00eb t\u00eb na japin dhe procerverbalin audio dhe gjyq\u00ebsor si pjes\u00eb t\u00eb provave p\u00ebr t\u00eb kompletuar praktik\u00ebn dhe depozitimin e k\u00ebrkes\u00ebs n\u00eb sekretarin\u00eb gjyq\u00ebsore.<\/p>\n<p>Kemi k\u00ebrkuar q\u00eb gjykata t\u00eb na jap\u00eb nj\u00eb kopje t\u00eb akteve q\u00eb Gjykata pretendon se e ka vendosur dje, dhe pa u njohur me aktet merr vendim q\u00eb t\u00eb vazhdoj\u00eb seanc\u00ebn. Kemi k\u00ebrkuar q\u00eb Gjykata t\u00eb marr\u00eb iniciativ\u00ebn dhe t\u00eb d\u00ebrgoj\u00eb n\u00eb Gjykat\u00ebn Kushtetuese p\u00ebr interpretim \u00e7\u00ebshtjen e kufizimit apo heqjes s\u00eb liris\u00eb, q\u00eb justifikon mosd\u00ebrgimin e k\u00ebrkes\u00ebs p\u00ebrcaktimit mas\u00ebs s\u00eb siguris\u00eb, dhe masat q\u00eb jan\u00eb marr\u00eb Gjykata mori vendim p\u00ebr ta rr\u00ebzuar k\u00ebt\u00eb k\u00ebrkes\u00ebn ton\u00eb dhe ne mor\u00ebm vendim q\u00eb t\u00eb largohemi\u201d, tha Gjokutaj.<\/p>\n","protected":false},"excerpt":{"rendered":"<p>Avokat\u00ebt mbrojt\u00ebs t\u00eb kryetarit t\u00eb PD, Sali Berisha jan\u00eb larguar nga salla e gjyqit ku po zhvillohej seanca p\u00ebr njohjen me mas\u00ebn e dh\u00ebn\u00eb nga GJKKO, pasi gjyqtarja nuk ka pranuar k\u00ebrkesat e tyre. Pas k\u00ebtij veprimi t\u00eb mbrojtjes, nj\u00eb tjet\u00ebr skandal ka ndodhur me urdh\u00ebr politik nga Edi Rama, ku gjykata i ka caktuar &hellip;<\/p>\n","protected":false},"author":4,"featured_media":61837,"comment_status":"open","ping_status":"open","sticky":false,"template":"","format":"standard","meta":{"footnotes":""},"categories":[37],"tags":[],"class_list":["post-61836","post","type-post","status-publish","format-standard","has-post-thumbnail","","category-politike"],"_links":{"self":[{"href":"https:\/\/rdnews.al\/index.php\/wp-json\/wp\/v2\/posts\/61836","targetHints":{"allow":["GET"]}}],"collection":[{"href":"https:\/\/rdnews.al\/index.php\/wp-json\/wp\/v2\/posts"}],"about":[{"href":"https:\/\/rdnews.al\/index.php\/wp-json\/wp\/v2\/types\/post"}],"author":[{"embeddable":true,"href":"https:\/\/rdnews.al\/index.php\/wp-json\/wp\/v2\/users\/4"}],"replies":[{"embeddable":true,"href":"https:\/\/rdnews.al\/index.php\/wp-json\/wp\/v2\/comments?post=61836"}],"version-history":[{"count":0,"href":"https:\/\/rdnews.al\/index.php\/wp-json\/wp\/v2\/posts\/61836\/revisions"}],"wp:featuredmedia":[{"embeddable":true,"href":"https:\/\/rdnews.al\/index.php\/wp-json\/wp\/v2\/media\/61837"}],"wp:attachment":[{"href":"https:\/\/rdnews.al\/index.php\/wp-json\/wp\/v2\/media?parent=61836"}],"wp:term":[{"taxonomy":"category","embeddable":true,"href":"https:\/\/rdnews.al\/index.php\/wp-json\/wp\/v2\/categories?post=61836"},{"taxonomy":"post_tag","embeddable":true,"href":"https:\/\/rdnews.al\/index.php\/wp-json\/wp\/v2\/tags?post=61836"}],"curies":[{"name":"wp","href":"https:\/\/api.w.org\/{rel}","templated":true}]}}