{"id":61890,"date":"2023-10-26T09:15:18","date_gmt":"2023-10-26T09:15:18","guid":{"rendered":"https:\/\/rdnews.al\/?p=61890"},"modified":"2023-10-26T09:15:18","modified_gmt":"2023-10-26T09:15:18","slug":"procesi-politik-ndaj-berishes-avokatet-kerkojne-perjashtimin-e-gjyqtares-irena-gjoka","status":"publish","type":"post","link":"https:\/\/rdnews.al\/index.php\/2023\/10\/26\/procesi-politik-ndaj-berishes-avokatet-kerkojne-perjashtimin-e-gjyqtares-irena-gjoka\/","title":{"rendered":"Procesi politik ndaj Berish\u00ebs, avokat\u00ebt k\u00ebrkojn\u00eb p\u00ebrjashtimin e gjyqtares Irena Gjoka"},"content":{"rendered":"<p>Avokat\u00ebt Genc Gjokutaj dhe Sokol M\u00ebngjesi k\u00ebrkuan sot zyrtarisht p\u00ebrjashtimin e gjyqtares Irena Gjoka nga procesi politik kund\u00ebr kryetarit t\u00eb PD, Sali Berisha.<\/p>\n<p>Gjykata e Posa\u00e7me b\u00ebri me dije se k\u00ebrkesa i ka kakuar p\u00ebr shqyrtim gjyqtares Flora Hajredinaj.<\/p>\n<p><em>\u201cN\u00eb kryesekretarine e GJKKO-s\u00eb, dit\u00ebn e sotme, dat\u00eb 26.10.2023, ora 09:45, \u00ebsht\u00eb paraqitur k\u00ebrkesa e k\u00ebrkuesit Sali Berisha, me objekt: \u201cK\u00ebrkohet p\u00ebrjashtimi i gjyqtares Irena Gjoka\u201d, nga gjykimi i k\u00ebrkes\u00ebs penale t\u00eb paraqitur nga Prokuroria e Posa\u00e7me, me objekt marrjen n\u00eb pyetje t\u00eb shtetasit n\u00ebn hetim Sali Berisha, me baz\u00eb ligjore nenet 17, 18, 19, 21, 22, 23 t\u00eb Kodit t\u00eb Procedur\u00ebs Penale. Duke qen\u00eb se gatishm\u00ebria p\u00ebr jav\u00ebn 23.10.2023-29.10.2023, referuar urdh\u00ebrit t\u00eb gatishm\u00ebris\u00eb t\u00eb zv.Kryetares s\u00eb gjykat\u00ebs, i takon gjyqtares Irena Gjoka, kjo k\u00ebrkes\u00eb i ka kaluar p\u00ebr shqyrtim gjyqtares pasardh\u00ebse t\u00eb gatishm\u00ebris\u00eb, Flora Hajredinaj\u201d, <\/em>thuhet n\u00eb njoftim.<\/p>\n<p>Qasja skandaloze e Irena Gjok\u00ebs i ka dh\u00ebn\u00eb ngjyrime akoma m\u00eb t\u00eb forta t\u00eb gjith\u00eb procesit.<\/p>\n","protected":false},"excerpt":{"rendered":"<p>Avokat\u00ebt Genc Gjokutaj dhe Sokol M\u00ebngjesi k\u00ebrkuan sot zyrtarisht p\u00ebrjashtimin e gjyqtares Irena Gjoka nga procesi politik kund\u00ebr kryetarit t\u00eb PD, Sali Berisha. Gjykata e Posa\u00e7me b\u00ebri me dije se k\u00ebrkesa i ka kakuar p\u00ebr shqyrtim gjyqtares Flora Hajredinaj. \u201cN\u00eb kryesekretarine e GJKKO-s\u00eb, dit\u00ebn e sotme, dat\u00eb 26.10.2023, ora 09:45, \u00ebsht\u00eb paraqitur k\u00ebrkesa e k\u00ebrkuesit &hellip;<\/p>\n","protected":false},"author":4,"featured_media":61715,"comment_status":"open","ping_status":"open","sticky":false,"template":"","format":"standard","meta":{"footnotes":""},"categories":[37],"tags":[],"class_list":["post-61890","post","type-post","status-publish","format-standard","has-post-thumbnail","","category-politike"],"_links":{"self":[{"href":"https:\/\/rdnews.al\/index.php\/wp-json\/wp\/v2\/posts\/61890","targetHints":{"allow":["GET"]}}],"collection":[{"href":"https:\/\/rdnews.al\/index.php\/wp-json\/wp\/v2\/posts"}],"about":[{"href":"https:\/\/rdnews.al\/index.php\/wp-json\/wp\/v2\/types\/post"}],"author":[{"embeddable":true,"href":"https:\/\/rdnews.al\/index.php\/wp-json\/wp\/v2\/users\/4"}],"replies":[{"embeddable":true,"href":"https:\/\/rdnews.al\/index.php\/wp-json\/wp\/v2\/comments?post=61890"}],"version-history":[{"count":0,"href":"https:\/\/rdnews.al\/index.php\/wp-json\/wp\/v2\/posts\/61890\/revisions"}],"wp:featuredmedia":[{"embeddable":true,"href":"https:\/\/rdnews.al\/index.php\/wp-json\/wp\/v2\/media\/61715"}],"wp:attachment":[{"href":"https:\/\/rdnews.al\/index.php\/wp-json\/wp\/v2\/media?parent=61890"}],"wp:term":[{"taxonomy":"category","embeddable":true,"href":"https:\/\/rdnews.al\/index.php\/wp-json\/wp\/v2\/categories?post=61890"},{"taxonomy":"post_tag","embeddable":true,"href":"https:\/\/rdnews.al\/index.php\/wp-json\/wp\/v2\/tags?post=61890"}],"curies":[{"name":"wp","href":"https:\/\/api.w.org\/{rel}","templated":true}]}}