{"id":61975,"date":"2023-10-26T16:01:18","date_gmt":"2023-10-26T16:01:18","guid":{"rendered":"https:\/\/rdnews.al\/?p=61975"},"modified":"2023-10-26T16:01:18","modified_gmt":"2023-10-26T16:01:18","slug":"lubonja-per-akuzat-ndaj-berishes-po-dole-kunder-mazhoranca-te-leshon-spak-un-dhe","status":"publish","type":"post","link":"https:\/\/rdnews.al\/index.php\/2023\/10\/26\/lubonja-per-akuzat-ndaj-berishes-po-dole-kunder-mazhoranca-te-leshon-spak-un-dhe\/","title":{"rendered":"Lubonja p\u00ebr akuzat ndaj Berish\u00ebs: Po dole kund\u00ebr, mazhoranca t\u00eb l\u00ebshon SPAK-un dhe&#8230;"},"content":{"rendered":"<p>Analisti Fatos Lubonja i ftuar n\u00eb News24, foli p\u00ebr akuzat e SPAK ndaj ish-kryeministrit Sali Berisha p\u00ebr dosjen \u201cPartizani\u201d. Lubonja u shpreh se, gjykata \u00ebsht\u00eb duke vepruar me dy standarde dhe se po merr vendime politike. M\u00eb tej ai shtoi se mesazhi i marr\u00eb nga kjo \u00ebsht\u00eb se \u2018po dole kund\u00ebr, mazhoranca t\u00eb l\u00ebshon SPAK-un dhe t\u00eb kap\u2019.<\/p>\n<p>\u201cDebati b\u00ebhet n\u00ebse kufizim lirie dhe heqje lirie \u00ebsht\u00eb e nj\u00ebjta gj\u00eb. Kjo \u00ebsht\u00eb si n\u00eb koh\u00ebn e Enver Hoxh\u00ebs, ku t\u00eb internonin, ose t\u00eb \u00e7onin n\u00eb burg. Gjykat\u00ebsja ka shkelur ligjin e Kushtetut\u00ebs, pyetja q\u00eb ngrihet \u00ebsht\u00eb \u2018\u00e7\u2019nevoj\u00eb kishin ta b\u00ebnin k\u00ebt\u00eb pun\u00eb pa Parlament, se dhe at\u00eb e kan\u00eb n\u00eb dor\u00eb?\u2019.<\/p>\n<p>Pas k\u00ebsaj fshihet nj\u00eb gjykat\u00eb me dy standarde, q\u00eb merr vendime politike. Nuk kemi nj\u00eb drejt\u00ebsi t\u00eb pavarur, por nj\u00eb drejt\u00ebsi t\u00eb varur nga amerikan\u00ebt. Kjo \u00ebsht\u00eb nj\u00eb drejt\u00ebsi e zellshme p\u00ebr t\u00eb zbatuar urdhrat e mazhoranc\u00ebs, mjafton t\u00eb p\u00ebrmend rastin e Belerit. P\u00ebr k\u00ebt\u00eb kapje a mungon zelli apo jan\u00eb amerikan\u00ebt?<\/p>\n<p>Un\u00eb nuk them q\u00eb k\u00ebtu s\u2019ka gj\u00ebra t\u00eb v\u00ebrteta, por ky rast \u00ebsht\u00eb minimal n\u00eb krahasim me skandalet q\u00eb po b\u00ebhen sot. Si\u00e7 \u00ebsht\u00eb historia e incenerator\u00ebve. Kemi t\u00eb b\u00ebjm\u00eb me nj\u00eb drejt\u00ebsi jo t\u00eb pavarur por t\u00eb instrumentalizuar nga mazhoranca. Mesazhi q\u00eb marrim \u00ebsht\u00eb se po dole kund\u00ebr, do t\u00eb l\u00ebshojm\u00eb SPAK-un dhe do t\u00eb kapim. A \u00ebsht\u00eb SPAK me t\u00eb nj\u00ebjt\u00ebn peshore kur gjykon k\u00ebt\u00eb rast dhe \u00e7\u00ebshtjen e incenerator\u00ebve? Jo! Tani po merret me vendime politike\u201d, u shpreh Lubonja.<\/p>\n","protected":false},"excerpt":{"rendered":"<p>Analisti Fatos Lubonja i ftuar n\u00eb News24, foli p\u00ebr akuzat e SPAK ndaj ish-kryeministrit Sali Berisha p\u00ebr dosjen \u201cPartizani\u201d. Lubonja u shpreh se, gjykata \u00ebsht\u00eb duke vepruar me dy standarde dhe se po merr vendime politike. M\u00eb tej ai shtoi se mesazhi i marr\u00eb nga kjo \u00ebsht\u00eb se \u2018po dole kund\u00ebr, mazhoranca t\u00eb l\u00ebshon SPAK-un &hellip;<\/p>\n","protected":false},"author":4,"featured_media":61976,"comment_status":"open","ping_status":"open","sticky":false,"template":"","format":"standard","meta":{"footnotes":""},"categories":[37],"tags":[],"class_list":["post-61975","post","type-post","status-publish","format-standard","has-post-thumbnail","","category-politike"],"_links":{"self":[{"href":"https:\/\/rdnews.al\/index.php\/wp-json\/wp\/v2\/posts\/61975","targetHints":{"allow":["GET"]}}],"collection":[{"href":"https:\/\/rdnews.al\/index.php\/wp-json\/wp\/v2\/posts"}],"about":[{"href":"https:\/\/rdnews.al\/index.php\/wp-json\/wp\/v2\/types\/post"}],"author":[{"embeddable":true,"href":"https:\/\/rdnews.al\/index.php\/wp-json\/wp\/v2\/users\/4"}],"replies":[{"embeddable":true,"href":"https:\/\/rdnews.al\/index.php\/wp-json\/wp\/v2\/comments?post=61975"}],"version-history":[{"count":0,"href":"https:\/\/rdnews.al\/index.php\/wp-json\/wp\/v2\/posts\/61975\/revisions"}],"wp:featuredmedia":[{"embeddable":true,"href":"https:\/\/rdnews.al\/index.php\/wp-json\/wp\/v2\/media\/61976"}],"wp:attachment":[{"href":"https:\/\/rdnews.al\/index.php\/wp-json\/wp\/v2\/media?parent=61975"}],"wp:term":[{"taxonomy":"category","embeddable":true,"href":"https:\/\/rdnews.al\/index.php\/wp-json\/wp\/v2\/categories?post=61975"},{"taxonomy":"post_tag","embeddable":true,"href":"https:\/\/rdnews.al\/index.php\/wp-json\/wp\/v2\/tags?post=61975"}],"curies":[{"name":"wp","href":"https:\/\/api.w.org\/{rel}","templated":true}]}}