{"id":61980,"date":"2023-10-26T16:19:56","date_gmt":"2023-10-26T16:19:56","guid":{"rendered":"https:\/\/rdnews.al\/?p=61980"},"modified":"2023-10-26T16:19:56","modified_gmt":"2023-10-26T16:19:56","slug":"gjykata-dhe-spak-shkelin-kushtetuten-vendim-politik-ndaj-kryetarit-te-pd","status":"publish","type":"post","link":"https:\/\/rdnews.al\/index.php\/2023\/10\/26\/gjykata-dhe-spak-shkelin-kushtetuten-vendim-politik-ndaj-kryetarit-te-pd\/","title":{"rendered":"Gjykata dhe SPAK shkelin Kushtetut\u00ebn, vendim politik ndaj kryetarit t\u00eb PD"},"content":{"rendered":"<p>Gjykata e Posa\u00e7me dhe SPAK vazhdojn\u00eb t\u00eb shkelin Kushtetut\u00ebn. Me nj\u00eb njoftim p\u00ebr mediat, GJKKO njofton se ka vendosur vazhdimin e mas\u00ebs s\u00eb sigurimit t\u00eb kryetarit t\u00eb Partis\u00eb Demokratike, Sali Berisha, pa k\u00ebrkuar leje n\u00eb Kuvendin e Shqip\u00ebris\u00eb.<\/p>\n<p>Gjyqtarja Irena Gjoka shprehet se, ka vendosur vazhdimin e mas\u00ebs s\u00eb siguris\u00eb \u2018detyrim paraqitej\u2019 p\u00ebr kryedemokratin, Sali Berisha.<\/p>\n<p>Sipas njoftimit t\u00eb Gjykat\u00ebs, dhe vendimit antikushtetues, kryetari i PD-s\u00eb, Sali Berisha duhet t\u00eb paraqitet t\u00eb h\u00ebn\u00ebn e par\u00eb dhe t\u00eb tret\u00eb t\u00eb muajit n\u00eb or\u00ebn 10:00 para oficeri t\u00eb policis\u00eb gjyq\u00ebsore, Adelajda Metaj.<\/p>\n<p><strong>Njoftimi i GJKKO<\/strong><\/p>\n<p>&#8211; N\u00eb dat\u00ebn 26.10.2023, ora 15.00, n\u00eb Gjykat\u00ebn e Posa\u00e7me t\u00eb Shkall\u00ebs s\u00eb Par\u00eb p\u00ebr Korrupsionin dhe Krimin e Organizuar, u ri\u00e7el seanca gjyq\u00ebsore p\u00ebr vijimin e shqyrtimit t\u00eb k\u00ebrkes\u00ebs s\u00eb paraqitur nga Prokuroria e Posa\u00e7me, me objekt \u2018Marrjen n\u00eb pyetje t\u00eb shtetasit n\u00ebn hetim Sali Berisha\u2019.<\/p>\n<p>&#8211; T\u00eb pranish\u00ebm n\u00eb sall\u00ebn e gjykimit ishin prokuror\u00ebt Arben Kraja dhe Enkeleda Millona, nd\u00ebrsa i hetuari Sali Berisha u p\u00ebrfaq\u00ebsua nga mbrojt\u00ebsit e caktuar kryesisht nga gjykata, av.Rabije Cenalia dhe av.Jalldiz Kastrati.<\/p>\n<p>&#8211; Gjykata b\u00ebri me dije se pran\u00eb kryesekretaris\u00eb s\u00eb k\u00ebsaj gjykate, dit\u00ebn e sotme, dat\u00eb 26.10.2023, ora 09.45, \u00ebsht\u00eb depozituar nj\u00eb k\u00ebrkes\u00eb nga shtetasi Sali Berisha, me objekt p\u00ebrjashtimin e gjyqtares nga gjykimi i k\u00ebsaj \u00e7\u00ebshtje. Mbi k\u00ebt\u00eb k\u00ebrkes\u00eb, me vendimin nr.430 Akti, dat\u00eb 26.10.2023 t\u00eb GJKKO \u00ebsht\u00eb vendosur mospranimi i k\u00ebrkes\u00ebs s\u00eb k\u00ebrkuesit Sali Berisha, me objekt p\u00ebrjashtimin e gjyqtares Irena Gjoka, si t\u00eb pabazuar n\u00eb prova dhe n\u00eb ligj.<\/p>\n<p>&#8211; Mbrojt\u00ebsit e caktuar kryesisht nuk mor\u00ebn p\u00ebrsip\u00ebr realizimin e mbrojtjes dhe n\u00eb k\u00ebto kushte, referuar list\u00ebs s\u00eb avokat\u00ebve kryesisht, gjykata caktoi si avokate kryesisht av. Valentina Todoresku, t\u00eb cil\u00ebs i la koh\u00ebn e nevojshme p\u00ebr tu njohur me aktet e k\u00ebrkes\u00ebs me objekt marrjen n\u00eb pyetje t\u00eb shtetasit n\u00ebn hetim Sali Berisha.<\/p>\n<p><img loading=\"lazy\" decoding=\"async\" class=\"alignnone size-medium wp-image-61982\" src=\"https:\/\/rdnews.al\/wp-content\/uploads\/2023\/10\/dd-300x166.jpg\" alt=\"\" width=\"300\" height=\"166\" srcset=\"https:\/\/rdnews.al\/wp-content\/uploads\/2023\/10\/dd-300x166.jpg 300w, https:\/\/rdnews.al\/wp-content\/uploads\/2023\/10\/dd.jpg 640w\" sizes=\"auto, (max-width: 300px) 100vw, 300px\" \/><\/p>\n","protected":false},"excerpt":{"rendered":"<p>Gjykata e Posa\u00e7me dhe SPAK vazhdojn\u00eb t\u00eb shkelin Kushtetut\u00ebn. Me nj\u00eb njoftim p\u00ebr mediat, GJKKO njofton se ka vendosur vazhdimin e mas\u00ebs s\u00eb sigurimit t\u00eb kryetarit t\u00eb Partis\u00eb Demokratike, Sali Berisha, pa k\u00ebrkuar leje n\u00eb Kuvendin e Shqip\u00ebris\u00eb. Gjyqtarja Irena Gjoka shprehet se, ka vendosur vazhdimin e mas\u00ebs s\u00eb siguris\u00eb \u2018detyrim paraqitej\u2019 p\u00ebr kryedemokratin, Sali &hellip;<\/p>\n","protected":false},"author":4,"featured_media":61981,"comment_status":"open","ping_status":"open","sticky":false,"template":"","format":"standard","meta":{"footnotes":""},"categories":[37],"tags":[],"class_list":["post-61980","post","type-post","status-publish","format-standard","has-post-thumbnail","","category-politike"],"_links":{"self":[{"href":"https:\/\/rdnews.al\/index.php\/wp-json\/wp\/v2\/posts\/61980","targetHints":{"allow":["GET"]}}],"collection":[{"href":"https:\/\/rdnews.al\/index.php\/wp-json\/wp\/v2\/posts"}],"about":[{"href":"https:\/\/rdnews.al\/index.php\/wp-json\/wp\/v2\/types\/post"}],"author":[{"embeddable":true,"href":"https:\/\/rdnews.al\/index.php\/wp-json\/wp\/v2\/users\/4"}],"replies":[{"embeddable":true,"href":"https:\/\/rdnews.al\/index.php\/wp-json\/wp\/v2\/comments?post=61980"}],"version-history":[{"count":0,"href":"https:\/\/rdnews.al\/index.php\/wp-json\/wp\/v2\/posts\/61980\/revisions"}],"wp:featuredmedia":[{"embeddable":true,"href":"https:\/\/rdnews.al\/index.php\/wp-json\/wp\/v2\/media\/61981"}],"wp:attachment":[{"href":"https:\/\/rdnews.al\/index.php\/wp-json\/wp\/v2\/media?parent=61980"}],"wp:term":[{"taxonomy":"category","embeddable":true,"href":"https:\/\/rdnews.al\/index.php\/wp-json\/wp\/v2\/categories?post=61980"},{"taxonomy":"post_tag","embeddable":true,"href":"https:\/\/rdnews.al\/index.php\/wp-json\/wp\/v2\/tags?post=61980"}],"curies":[{"name":"wp","href":"https:\/\/api.w.org\/{rel}","templated":true}]}}