{"id":62012,"date":"2023-10-26T17:34:04","date_gmt":"2023-10-26T17:34:04","guid":{"rendered":"https:\/\/rdnews.al\/?p=62012"},"modified":"2023-10-26T17:34:04","modified_gmt":"2023-10-26T17:34:04","slug":"pas-4-oresh-ne-pyetje-ducka-pyesni-ne-shba-per-mcgonigal","status":"publish","type":"post","link":"https:\/\/rdnews.al\/index.php\/2023\/10\/26\/pas-4-oresh-ne-pyetje-ducka-pyesni-ne-shba-per-mcgonigal\/","title":{"rendered":"Pas 4 or\u00ebsh n\u00eb pyetje, Du\u00e7ka: Pyesni n\u00eb SHBA p\u00ebr McGonigal"},"content":{"rendered":"<p>\u201cMund t\u00eb pyesin departamentit e drejt\u00ebsis\u00eb n\u00eb Amerik\u00eb\u201d, k\u00ebshtu ka deklaruar Dorian Du\u00e7ka pasi doli nga SPAK, ku u mor n\u00eb pyetje p\u00ebr disa or\u00eb.<\/p>\n<p>Para gazetar\u00ebve ai nuk ka pranuar t\u00eb b\u00ebj\u00eb asnj\u00eb koment lidhur me marrjen n\u00eb pyetje.<\/p>\n<p>Kujtojm\u00eb se ish-z\u00ebvend\u00ebs ministri i Energjetik\u00ebs, u mor n\u00eb pyetje p\u00ebr rreth 4 or\u00eb. Rasti i fundit ku emri i tij ka dal\u00eb n\u00eb sken\u00eb, ka qen\u00eb n\u00eb dosjen e ish- zyrtarit t\u00eb FBI, Charles McGonigal.<\/p>\n<p>\u201cN\u00eb or\u00ebn 15:00 Dorian Du\u00e7ka, \u00ebsht\u00eb paraqitur n\u00eb SPAK, p\u00ebr t\u00eb dh\u00ebn\u00eb shpjegime si person p\u00ebr t\u00eb dh\u00ebn\u00eb dijeni. Edhe pse ndenji 4 or\u00eb n\u00eb SPAK, ai nuk dha asnj\u00eb koment. Du\u00e7ka ka th\u00ebn\u00eb se duhet t\u00eb drejtohen me pyetje autoriteteve atje, duke mos na dh\u00ebn\u00eb informacion n\u00ebse ka folur p\u00ebr k\u00ebt\u00eb \u00e7\u00ebshtje.<\/p>\n<p>Po ashtu edhe SPAK nuk ka dh\u00ebn\u00eb informacion p\u00ebr pyetjet ndaj Du\u00e7k\u00ebs. SPAK m\u00eb her\u00ebt ka deklaruar se \u00ebsht\u00eb duke kryer verifikime n\u00eb lidhje me \u00e7\u00ebshtjen \u201cMcGonigal\u201d dhe do t\u00eb marr\u00eb n\u00eb pyetje gjith\u00eb personat e p\u00ebrfshir\u00eb, emrat e p\u00ebrmendur.<\/p>\n<p>P\u00ebrgjat\u00eb dit\u00ebve t\u00eb fundit dhe dit\u00ebve n\u00eb vijim, sipas t\u00eb dh\u00ebnave t\u00eb SPAK, do t\u00eb ket\u00eb persona t\u00eb nivele t\u00eb larta do t\u00eb merren n\u00eb pyetje.<\/p>\n<p>N\u00eb lidhje me Du\u00e7k\u00ebn, ende nuk dihet n\u00ebse \u00ebsht\u00eb pyetur p\u00ebr \u00e7\u00ebshtjen \u201cMcGonigal\u201d, edhe pse ka dyshime, nuk \u00ebsht\u00eb konfirmuar ende. Dua t\u00eb theksoj se Du\u00e7ka nuk \u00ebsht\u00eb i dyshuar, por i p\u00ebrmendur.<\/p>\n","protected":false},"excerpt":{"rendered":"<p>\u201cMund t\u00eb pyesin departamentit e drejt\u00ebsis\u00eb n\u00eb Amerik\u00eb\u201d, k\u00ebshtu ka deklaruar Dorian Du\u00e7ka pasi doli nga SPAK, ku u mor n\u00eb pyetje p\u00ebr disa or\u00eb. Para gazetar\u00ebve ai nuk ka pranuar t\u00eb b\u00ebj\u00eb asnj\u00eb koment lidhur me marrjen n\u00eb pyetje. Kujtojm\u00eb se ish-z\u00ebvend\u00ebs ministri i Energjetik\u00ebs, u mor n\u00eb pyetje p\u00ebr rreth 4 or\u00eb. Rasti &hellip;<\/p>\n","protected":false},"author":4,"featured_media":62013,"comment_status":"open","ping_status":"open","sticky":false,"template":"","format":"standard","meta":{"footnotes":""},"categories":[37],"tags":[],"class_list":["post-62012","post","type-post","status-publish","format-standard","has-post-thumbnail","","category-politike"],"_links":{"self":[{"href":"https:\/\/rdnews.al\/index.php\/wp-json\/wp\/v2\/posts\/62012","targetHints":{"allow":["GET"]}}],"collection":[{"href":"https:\/\/rdnews.al\/index.php\/wp-json\/wp\/v2\/posts"}],"about":[{"href":"https:\/\/rdnews.al\/index.php\/wp-json\/wp\/v2\/types\/post"}],"author":[{"embeddable":true,"href":"https:\/\/rdnews.al\/index.php\/wp-json\/wp\/v2\/users\/4"}],"replies":[{"embeddable":true,"href":"https:\/\/rdnews.al\/index.php\/wp-json\/wp\/v2\/comments?post=62012"}],"version-history":[{"count":0,"href":"https:\/\/rdnews.al\/index.php\/wp-json\/wp\/v2\/posts\/62012\/revisions"}],"wp:featuredmedia":[{"embeddable":true,"href":"https:\/\/rdnews.al\/index.php\/wp-json\/wp\/v2\/media\/62013"}],"wp:attachment":[{"href":"https:\/\/rdnews.al\/index.php\/wp-json\/wp\/v2\/media?parent=62012"}],"wp:term":[{"taxonomy":"category","embeddable":true,"href":"https:\/\/rdnews.al\/index.php\/wp-json\/wp\/v2\/categories?post=62012"},{"taxonomy":"post_tag","embeddable":true,"href":"https:\/\/rdnews.al\/index.php\/wp-json\/wp\/v2\/tags?post=62012"}],"curies":[{"name":"wp","href":"https:\/\/api.w.org\/{rel}","templated":true}]}}