{"id":62016,"date":"2023-10-26T19:21:32","date_gmt":"2023-10-26T19:21:32","guid":{"rendered":"https:\/\/rdnews.al\/?p=62016"},"modified":"2023-10-26T19:22:37","modified_gmt":"2023-10-26T19:22:37","slug":"kurti-ofroi-nenshkrimin-e-marreveshjeve-vucic-refuzoi","status":"publish","type":"post","link":"https:\/\/rdnews.al\/index.php\/2023\/10\/26\/kurti-ofroi-nenshkrimin-e-marreveshjeve-vucic-refuzoi\/","title":{"rendered":"Kurti ofroi n\u00ebnshkrimin e marr\u00ebveshjeve, Vu\u00e7i\u00e7 refuzoi!"},"content":{"rendered":"<p>Kryeministri i Kosov\u00ebs, Albin Kurti, \u00ebsht\u00eb shprehur i gatsh\u00ebm t\u00eb n\u00ebnshkruaj\u00eb marr\u00ebveshjet e Brukselit dhe t\u00eb Ohrit, por edhe draftstatutin e Asociacionit t\u00eb komunave me shumic\u00eb serbe, t\u00eb prezantuar nga diplomat\u00ebt-euroatlantik\u00eb jav\u00ebn e shkuar.Si\u00e7 thuhet n\u00eb komunikat\u00eb, Kurti i ka cil\u00ebsuar dokumentet e Brukselit dhe Ohrit si sukses t\u00eb p\u00ebrbashk\u00ebt me Bashkimi Evropian.\u00a0\u201cMarr\u00ebveshja duhet zbatuar n\u00eb t\u00ebr\u00ebsi, pa kushte, pa vonesa\u201d, thuhet n\u00eb komunikat\u00eb.<\/p>\n<p>&#8220;Presidenti i Serbis\u00eb, [Aleksandar] Vu\u00e7iq ka refuzuar t\u00eb n\u00ebnshkruaj\u00eb marr\u00ebveshje me Kosov\u00ebn dhe ka k\u00ebrkuar q\u00eb t\u2019i pranohet nj\u00eb let\u00ebr an\u00ebsore, me t\u00eb cil\u00ebn praktikisht i zhb\u00ebn tri parime t\u00eb Marr\u00ebveshjes Baz\u00eb, t\u00eb Aneksit t\u00eb Zbatimit, si dhe t\u00eb draftit t\u00eb propozuar nga pes\u00eb emisar\u00ebt m\u00eb 21 tetor, 2023&#8221;, thuhet n\u00eb komunikat\u00eb.<\/p>\n<p><strong>Komunikata e plot\u00eb<\/strong><\/p>\n<p>N\u00eb takimin e sot\u00ebm, me Kancelarin e Gjermanis\u00eb, Olaf Sholc, me Presidentin e Franc\u00ebs, Emanuel Makron, Kryeministren e Italis\u00eb, Xhorxhia Melloni, Presidentin e K\u00ebshillit Evropian, Sharl Mishel, z\u00ebvend\u00ebs Presidentin e Komisionit Evropian dhe P\u00ebrfaq\u00ebsuesin e Lart\u00eb p\u00ebr Politik\u00eb t\u00eb Jashtme dhe t\u00eb Siguris\u00eb Xhosep Borrell, si dhe emisarin e tij Mirosllav Laj\u00e7ak, Kryeministri Kurti i falenderoi t\u00eb gjith\u00eb ata p\u00ebr rolin, angazhimin dhe kontributin p\u00ebr paqe dhe normalizim t\u00eb marr\u00ebdh\u00ebnieve nd\u00ebrmjet Republik\u00ebs s\u00eb Kosov\u00ebs dhe Serbis\u00eb.<\/p>\n<p>Kryeministri Kurti theksoi q\u00eb, pas sulmit t\u00eb agresionit t\u00eb 24 shtatorit, n\u00eb Zve\u00e7an, prioritet p\u00ebr t\u00eb \u00ebsht\u00eb siguria n\u00eb Kosov\u00eb, n\u00eb ve\u00e7anti siguria e kufirit me Serbin\u00eb, meq\u00eb nga ana tjet\u00ebr erdh\u00ebn paramilitar\u00ebt, t\u00eb cil\u00ebt kryen sulm terrorist e kriminal duke vrar\u00eb e plagosur polic\u00eb t\u00eb Kosov\u00ebs. Q\u00eb kjo t\u00eb mos p\u00ebrs\u00ebritet kurr\u00eb m\u00eb, nevojiten sanksione dhe nd\u00ebshkim p\u00ebr Serbin\u00eb.<\/p>\n<p>Hetimet p\u00ebr grupin paramilitar e terrorist t\u00eb sponzorizuar nga Serbia, duhet t\u00eb p\u00ebrcaktojn\u00eb sakt\u00eb se kush krejt \u00e7ka b\u00ebri dhe si e ekzekutoi k\u00ebt\u00eb akt agresioni, nd\u00ebrkoh\u00eb q\u00eb nuk ka m\u00eb dilema as te faktor\u00ebt nd\u00ebrkomb\u00ebtar\u00eb mbi fajtorin.<\/p>\n<p>Kryeministri Kurti potencoi q\u00eb Kosova \u00ebsht\u00eb kampion n\u00eb sundimin e ligjit n\u00eb Ballkanin Per\u00ebndimor, gj\u00eb q\u00eb \u00ebsht\u00eb konstatuar edhe nga organizata prestigjioze nd\u00ebrkomb\u00ebtare World Justice Project. Grupi paramilitar terrorist i Millan Radoi\u00e7iqit dhe p\u00ebrgjegj\u00ebsit e tjer\u00eb duhet t\u00eb ekstradohen n\u00eb Kosov\u00eb, ku do t\u00eb kishte nj\u00eb gjykim t\u00eb drejt\u00eb dhe fer, aq m\u00eb tep\u00ebr kur dihet se sistemi i drejt\u00ebsis\u00eb n\u00eb Kosov\u00eb dhe proceset gjyq\u00ebsore monitorohen nga Misioni i Bashkimit Evropian p\u00ebr Sundimin e Ligjit, EULEX.<\/p>\n<p>Kryeministri Kurti rikujtoi q\u00eb ai ishte i gatsh\u00ebm t\u00eb n\u00ebnshkruaj\u00eb edhe n\u00eb Bruksel m\u00eb 27 shkurt 2023 edhe n\u00eb Oh\u00ebr m\u00eb 18 mars 2023, edhe sonte, m\u00eb 26 tetor 2023, duke theksuar q\u00eb pik\u00ebrisht Samiti i K\u00ebshillit Evropian n\u00eb Bruksel \u00ebsht\u00eb ngjarja e duhur, n\u00eb vendin e duhur p\u00ebr n\u00ebnshkrim t\u00eb Marr\u00ebveshjes Bazike, p\u00ebrfshir\u00eb edhe draftin e ofruar nga BE-ja dhe ShBA-t\u00eb p\u00ebr zbatimin e nenit 7 n\u00eb nd\u00ebrlidhje t\u00eb nenit 10 t\u00eb Marr\u00ebveshjes Bazike.<\/p>\n<p>P\u00ebrkund\u00ebr k\u00ebsaj oferte gjeneroze t\u00eb Kryeministrit Kurti, Presidenti i Serbis\u00eb, Vu\u00e7iq, ka refuzuar t\u00eb n\u00ebnshkruaj\u00eb marr\u00ebveshje me Kosov\u00ebn, dhe ka k\u00ebrkuar q\u00eb t\u2019i pranohet nj\u00eb let\u00ebr an\u00ebsore me t\u00eb cil\u00ebn praktikisht i zhb\u00ebn tri parime t\u00eb Marr\u00ebveshjes Baz\u00eb, t\u00eb Aneksit t\u00eb Zbatimit si dhe t\u00eb draftit t\u00eb propozuar nga pes\u00eb emisar\u00ebt me 21 tetor 2023.<\/p>\n<p>P\u00ebr progresin demokratik dhe ekonomik t\u00eb saj, Kurti tha q\u00eb Kosova e meriton statusin e vendit kandidat p\u00ebr BE, pra edhe bashkimin e pes\u00eb shteteve t\u00eb mbetura t\u00eb Bashkimit Evropian me shumic\u00ebn prej 22 sosh, n\u00eb njohjen e pavar\u00ebsis\u00eb s\u00eb Kosov\u00ebs. Nd\u00ebrkaq siguria e kufijve p\u00ebr Kosov\u00ebn, bashk\u00eb me sigurin\u00eb kolektive n\u00eb rajonin e Ballkanit Per\u00ebndimor, ngriten cil\u00ebsisht n\u00ebp\u00ebrmjet Marr\u00ebveshjes p\u00ebr Partneritet p\u00ebr Paqe me NATO-n drejt an\u00ebtar\u00ebsimit t\u00eb Kosov\u00ebs n\u00eb aleanc\u00ebn veri-atlantike.<\/p>\n<p>N\u00eb fund t\u00eb takimit, Kryeministri Kurti tha: Pranimi n\u00ebnkupton n\u00ebnshkrim, vet\u00ebm n\u00ebnshkrimi n\u00ebnkupton pranimin dhe garanton zbatimin.<\/p>\n","protected":false},"excerpt":{"rendered":"<p>Kryeministri i Kosov\u00ebs, Albin Kurti, \u00ebsht\u00eb shprehur i gatsh\u00ebm t\u00eb n\u00ebnshkruaj\u00eb marr\u00ebveshjet e Brukselit dhe t\u00eb Ohrit, por edhe draftstatutin e Asociacionit t\u00eb komunave me shumic\u00eb serbe, t\u00eb prezantuar nga diplomat\u00ebt-euroatlantik\u00eb jav\u00ebn e shkuar.Si\u00e7 thuhet n\u00eb komunikat\u00eb, Kurti i ka cil\u00ebsuar dokumentet e Brukselit dhe Ohrit si sukses t\u00eb p\u00ebrbashk\u00ebt me Bashkimi Evropian.\u00a0\u201cMarr\u00ebveshja duhet zbatuar &hellip;<\/p>\n","protected":false},"author":4,"featured_media":62017,"comment_status":"open","ping_status":"open","sticky":false,"template":"","format":"standard","meta":{"footnotes":""},"categories":[38],"tags":[],"class_list":["post-62016","post","type-post","status-publish","format-standard","has-post-thumbnail","","category-bota"],"_links":{"self":[{"href":"https:\/\/rdnews.al\/index.php\/wp-json\/wp\/v2\/posts\/62016","targetHints":{"allow":["GET"]}}],"collection":[{"href":"https:\/\/rdnews.al\/index.php\/wp-json\/wp\/v2\/posts"}],"about":[{"href":"https:\/\/rdnews.al\/index.php\/wp-json\/wp\/v2\/types\/post"}],"author":[{"embeddable":true,"href":"https:\/\/rdnews.al\/index.php\/wp-json\/wp\/v2\/users\/4"}],"replies":[{"embeddable":true,"href":"https:\/\/rdnews.al\/index.php\/wp-json\/wp\/v2\/comments?post=62016"}],"version-history":[{"count":0,"href":"https:\/\/rdnews.al\/index.php\/wp-json\/wp\/v2\/posts\/62016\/revisions"}],"wp:featuredmedia":[{"embeddable":true,"href":"https:\/\/rdnews.al\/index.php\/wp-json\/wp\/v2\/media\/62017"}],"wp:attachment":[{"href":"https:\/\/rdnews.al\/index.php\/wp-json\/wp\/v2\/media?parent=62016"}],"wp:term":[{"taxonomy":"category","embeddable":true,"href":"https:\/\/rdnews.al\/index.php\/wp-json\/wp\/v2\/categories?post=62016"},{"taxonomy":"post_tag","embeddable":true,"href":"https:\/\/rdnews.al\/index.php\/wp-json\/wp\/v2\/tags?post=62016"}],"curies":[{"name":"wp","href":"https:\/\/api.w.org\/{rel}","templated":true}]}}