{"id":62047,"date":"2023-10-27T09:59:37","date_gmt":"2023-10-27T09:59:37","guid":{"rendered":"https:\/\/rdnews.al\/?p=62047"},"modified":"2023-10-27T09:59:37","modified_gmt":"2023-10-27T09:59:37","slug":"protestat-nuk-do-te-ndalen","status":"publish","type":"post","link":"https:\/\/rdnews.al\/index.php\/2023\/10\/27\/protestat-nuk-do-te-ndalen\/","title":{"rendered":"Protestat nuk do t\u00eb ndalen!"},"content":{"rendered":"<p>Kryetari i PD, Sali Berisha gjat\u00eb konferenc\u00ebs p\u00ebr mediat ka paralajm\u00ebruar protesta. Ai tha se protesta kishte nisur n\u00eb Parlament dhe se shtoi se kjo do t\u00eb shoq\u00ebrohet me mb\u00ebshtetje popullore.<\/p>\n<p>Ish-kryeministri shtoi se protestat nuk do t\u00eb ndalen m\u00eb nga asnj\u00eb mas\u00eb q\u00eb mund t\u00eb merret nga kryeministri Rama.<\/p>\n<p>Sipas tij Rama ka kaluar \u201c\u00e7do vij\u00eb t\u00eb kuqe\u201d dhe tani do t\u00eb p\u00ebrballet me p\u00ebrgjigjen e opozit\u00ebs.<\/p>\n<p>\u201cAsgj\u00eb nuk ndryshon kjo nga strategjia e m\u00ebparshme.<\/p>\n<p>Ne kemi nisur betej\u00ebn n\u00eb parlament, por e kemi nisur me vendosm\u00ebrin\u00eb m\u00eb t\u00eb fort\u00eb.<\/p>\n<p>Kur kemi nisur betej\u00ebn n\u00eb parlament, ne natyrisht kemi vet\u00ebdije se \u00e7far\u00eb p\u00ebrfaq\u00ebson grupi parlamentar.<\/p>\n<p>Nuk ka dyshim se ajo do shoq\u00ebrohet nga nj\u00eb mb\u00ebshtetje e fuqishme popullore.<\/p>\n<p>Por nj\u00eb gj\u00eb do jet\u00eb, k\u00ebto protesta nuk do ndalen m\u00eb nga asnj\u00eb mas\u00eb q\u00eb mund t\u00eb marr\u00eb Edi Rama.<\/p>\n<p>T\u00eb b\u00ebj\u00eb \u00e7far\u00eb t\u00eb doj\u00eb, ne e mor\u00ebm k\u00ebt\u00eb vendim, pasi ai d\u00ebshmoi se kund\u00ebr demokracis\u00eb, \u00ebsht\u00eb i aft\u00eb t\u00eb b\u00ebj\u00eb gjith\u00e7ka.<\/p>\n<p>Edhe me ato vota t\u00eb cunguara q\u00eb mor\u00ebm, t\u00eb njer\u00ebzve idealist\u00eb q\u00eb nuk u tremb\u00ebn dhe nuk i shit\u00ebn, Edi Rama i zhvler\u00ebsoi totalisht deputet\u00ebt n\u00eb parlament. Ai kaloi n\u00eb ekstrem, ai kaloi \u00e7do vij\u00eb t\u00eb kuqe.<\/p>\n<p>Ne do i p\u00ebrgjigjemi, do i p\u00ebrgjigjemi, do i p\u00ebrgjigjemi.<\/p>\n<p>Un\u00eb ua kam th\u00ebn\u00eb edhe para se t\u00eb ndodhte kjo.<\/p>\n<p>Ai kur e pa se nuk ka m\u00eb kontroll mbi opozit\u00ebn e v\u00ebrtet\u00eb, p\u00ebrve\u00e7 Bravave t\u00eb tij, nxori historin\u00eb m\u00eb t\u00eb turpshme t\u00eb k\u00ebtij shekulli.<\/p>\n<p>Nj\u00eb dokument me 200 faqe, ku nuk fakton asnj\u00eb akuz\u00eb me asnj\u00eb prov\u00eb.<\/p>\n<p>Ndaj dhe detyrohet, duke mos pasur asnj\u00eb prov\u00eb, asnj\u00eb akuz\u00eb, detyrohet t\u00eb p\u00ebrfundoj\u00eb me masa sigurie p\u00ebr persona n\u00ebn hetim. Pas tre vitesh hetimi. Tre hetime q\u00eb heton.<\/p>\n<p>Nuk ka mbetur dokument pa par\u00eb, pa shqyrtuar. Kan\u00eb \u00e7do dokument. I kan\u00eb fshehur, si\u00e7 kam th\u00ebn\u00eb. Kan\u00eb fshehur me qindra dokumente p\u00ebr t\u00eb manipuluar.<\/p>\n<p>Por nuk ka gjetur. Ka d\u00ebrguar 22 ish-punonj\u00ebs t\u00eb aministrat\u00ebs p\u00ebr arrest me Prokurorin\u00eb Felaj n\u00eb gjykat\u00eb. Por gjykat\u00ebsit kan\u00eb refuzuar Prokurorin\u00eb Felaj. I kan\u00eb th\u00ebn\u00eb se nuk kan\u00eb asnj\u00eb shkelje ligjore.<\/p>\n<p>Kjo \u00ebsht\u00eb e v\u00ebrteta! Shikoni \u00e7far\u00eb skenari? Ta b\u00ebjn\u00eb t\u00eb madhe q\u00eb njer\u00ebzit t\u00eb thon\u00eb oo me t\u00eb v\u00ebrtet\u00eb k\u00ebtu ka ndodhur di\u00e7ka. Asgj\u00eb.<\/p>\n<p>Kjo piramid\u00eb q\u00eb ka ngritur kjo dacibao \u00e7montohet rresht p\u00ebr rresht. Ai \u00ebsht\u00eb procesi m\u00eb i p\u00ebrsosur q\u00eb ka ndodhur n\u00eb rrafshin ligjor.<\/p>\n<p>Ky proces ka vet\u00ebm nj\u00eb shkelje ligjore dhe at\u00eb e ka b\u00ebr\u00eb Edi Rama. Edi Rama ka ndryshuar destinacionin q\u00eb n\u00eb vitin 2006. M\u00eb dat\u00ebn 6 qershor.<\/p>\n<p>K\u00ebshtu q\u00eb me k\u00ebt\u00eb vet\u00ebm sa tregoi se \u00e7far\u00eb p\u00ebrfaq\u00ebson\u201d, tha Berisha.\/Opinion.al<\/p>\n","protected":false},"excerpt":{"rendered":"<p>Kryetari i PD, Sali Berisha gjat\u00eb konferenc\u00ebs p\u00ebr mediat ka paralajm\u00ebruar protesta. Ai tha se protesta kishte nisur n\u00eb Parlament dhe se shtoi se kjo do t\u00eb shoq\u00ebrohet me mb\u00ebshtetje popullore. Ish-kryeministri shtoi se protestat nuk do t\u00eb ndalen m\u00eb nga asnj\u00eb mas\u00eb q\u00eb mund t\u00eb merret nga kryeministri Rama. Sipas tij Rama ka kaluar &hellip;<\/p>\n","protected":false},"author":4,"featured_media":0,"comment_status":"open","ping_status":"open","sticky":false,"template":"","format":"standard","meta":{"footnotes":""},"categories":[37],"tags":[],"class_list":["post-62047","post","type-post","status-publish","format-standard","","category-politike"],"_links":{"self":[{"href":"https:\/\/rdnews.al\/index.php\/wp-json\/wp\/v2\/posts\/62047","targetHints":{"allow":["GET"]}}],"collection":[{"href":"https:\/\/rdnews.al\/index.php\/wp-json\/wp\/v2\/posts"}],"about":[{"href":"https:\/\/rdnews.al\/index.php\/wp-json\/wp\/v2\/types\/post"}],"author":[{"embeddable":true,"href":"https:\/\/rdnews.al\/index.php\/wp-json\/wp\/v2\/users\/4"}],"replies":[{"embeddable":true,"href":"https:\/\/rdnews.al\/index.php\/wp-json\/wp\/v2\/comments?post=62047"}],"version-history":[{"count":0,"href":"https:\/\/rdnews.al\/index.php\/wp-json\/wp\/v2\/posts\/62047\/revisions"}],"wp:attachment":[{"href":"https:\/\/rdnews.al\/index.php\/wp-json\/wp\/v2\/media?parent=62047"}],"wp:term":[{"taxonomy":"category","embeddable":true,"href":"https:\/\/rdnews.al\/index.php\/wp-json\/wp\/v2\/categories?post=62047"},{"taxonomy":"post_tag","embeddable":true,"href":"https:\/\/rdnews.al\/index.php\/wp-json\/wp\/v2\/tags?post=62047"}],"curies":[{"name":"wp","href":"https:\/\/api.w.org\/{rel}","templated":true}]}}