{"id":62150,"date":"2023-10-27T18:49:38","date_gmt":"2023-10-27T18:49:38","guid":{"rendered":"https:\/\/rdnews.al\/?p=62150"},"modified":"2023-10-27T18:49:38","modified_gmt":"2023-10-27T18:49:38","slug":"berisha-opozita-shpresa-e-vetme-qe-u-ka-mbetur-shqiptareve-vetem-ne-jemi-qe-sot-po-luftojme-per-ta","status":"publish","type":"post","link":"https:\/\/rdnews.al\/index.php\/2023\/10\/27\/berisha-opozita-shpresa-e-vetme-qe-u-ka-mbetur-shqiptareve-vetem-ne-jemi-qe-sot-po-luftojme-per-ta\/","title":{"rendered":"Berisha: Opozita shpresa e vetme q\u00eb u ka mbetur shqiptar\u00ebve! Vet\u00ebm ne jemi q\u00eb sot po luftojm\u00eb p\u00ebr ta"},"content":{"rendered":"<p>Kryetari i Partis\u00eb Demokratike, Sali Berisha ka theksuar n\u00eb mbledhjen e K\u00ebshillit Komb\u00ebtar se opozita \u00ebsht\u00eb shpresa e vetme q\u00eb u ka mbetur shqiptar\u00ebve.<br \/>\n<strong>Berisha:<\/strong> E ashtuquajtura aleanc\u00eb e qelb\u00ebsirave me n\u00eb krye kreun e saj, u krijua p\u00ebr t\u00eb rr\u00ebzuar Sali Berish\u00ebn.<br \/>\nKjo aleanc\u00eb qeverisi p\u00ebr 10 vite Shqip\u00ebrin\u00eb, prandaj jemi katandisur k\u00ebshtu.<br \/>\nImagjinoni p\u00ebr nj\u00eb moment nj\u00eb aleanc\u00eb t\u00eb atyre q\u00eb e duan Shqip\u00ebrin\u00eb, nj\u00eb aleanc\u00eb t\u00eb idealist\u00ebsve, \u00e7far\u00eb mund t\u00eb realizoj\u00eb kjo l\u00ebvizje unike p\u00ebr shum\u00eb pak koh\u00eb.<br \/>\nP\u00ebr t\u00eb arritur deri k\u00ebtu, ne duhet t\u00eb tregohemi s\u00eb pari t\u00eb denj\u00eb, t\u00eb konsolidojm\u00eb bashkimin e PD, gj\u00eb q\u00eb p\u00ebr hir t\u00eb v\u00ebrtet\u00ebs ka ndodhur.<br \/>\nT\u00eb japim prova se e kemi me seriozitetin m\u00eb t\u00eb madh k\u00ebt\u00eb betej\u00eb.<br \/>\nNga k\u00ebtu t\u00eb hapim portat p\u00ebr t\u00eb mir\u00ebpritur n\u00eb familjen ton\u00eb frontin opozitar m\u00eb t\u00eb madh q\u00eb ka par\u00eb Shqip\u00ebria.<br \/>\nKjo aleanc\u00eb do tregoj\u00eb m\u00eb n\u00eb fund se tranzicioni iku nga Shqip\u00ebria, q\u00eb m\u00eb n\u00eb fund lam\u00eb pas mentalitetin komunist dhe p\u00ebrqafuam mentalitetin europian, ku n\u00eb diversitet ne bashkohemi p\u00ebr interesin komb\u00ebtar, q\u00eb reagojm\u00eb ndaj padrejt\u00ebsive, q\u00eb i dalim zot kombit.<br \/>\nKjo do ndodh\u00eb. Kjo \u00ebsht\u00eb e pashmangshme.<br \/>\nEdi Rama e ka kuptuar k\u00ebt\u00eb prandaj dhe arrin n\u00eb akte t\u00eb d\u00ebshp\u00ebruara p\u00ebr t\u00eb ndaluar k\u00ebt\u00eb vrull, k\u00ebt\u00eb hov, k\u00ebt\u00eb aleanc\u00eb.<br \/>\nTentoi t\u00eb m\u00eb asgj\u00ebsoj\u00eb politikisht me McGonigal, p\u00ebr t\u00eb parandaluar k\u00ebt\u00eb, d\u00ebsjhtoi brutalisht se fati i favorizon idealist\u00ebt.<br \/>\nE pat\u00eb se si \u00e7do denoncim i doli i v\u00ebrtet\u00eb kur arrestuan McGonigal. Tani po tenton burgosjen dhe q\u00ebndrime t\u00eb tjera.<br \/>\nEdhe nj\u00ebher\u00eb i kujtoj k\u00ebtu se gjyqi i shekullit e pret para Sali Berish\u00ebs dhe demokrat\u00ebve shqiptar\u00eb.<br \/>\nPara se t\u00eb ezauroj k\u00ebto mjete, ai dhe \u00e7do njeri duhet ta ket\u00eb t\u00eb qart\u00eb dhe t\u00eb mos harroj\u00eb se idealet as nuk shpallen non-grata, as nuk burgosen, as nuk vriten.<br \/>\nPrandaj aleanca e idealeve e k\u00ebtij fronti opozitar, do shp\u00ebtoj\u00eb Shqip\u00ebrin\u00eb.<br \/>\nMiq, edhe nj\u00ebher\u00eb u b\u00ebj thirrje, mos u shp\u00ebrqendroni nga dacibao e Ram\u00ebs.<br \/>\nShqip\u00ebria sot \u00ebsht\u00eb nj\u00eb vend i p\u00ebrlotur, kombi \u00ebsht\u00eb i p\u00ebrlotur se ka humbur 35 p\u00ebrqind t\u00eb bijve t\u00eb saj n\u00eb 10 vite. Sot jemi komb i p\u00ebrlotur se pluralizmi \u00ebsht\u00eb shkat\u00ebrruar. Jemi kombi i p\u00ebrlotur se t\u00eb rinjt\u00eb k\u00ebtu nuk kan\u00eb t\u00eb ardhur. Jemi komb i p\u00ebrlotur se jemi grabitur gjer n\u00eb palc\u00eb 10 vitet e fundit. Jemi komb i p\u00ebrlotur sepse qeveria jon\u00eb ka tradhtuar shqiptar\u00ebt e Kosov\u00ebs.<br \/>\nKur do gjej\u00eb zgjidhje ky komb i vuajtur? Te qeveria? Jo, ajo e solli n\u00eb k\u00ebt\u00eb gjendje. Te drejt\u00ebsia? Jo, ajo \u00ebsht\u00eb veg\u00ebl n\u00eb duart e qeveris\u00eb.<br \/>\nK\u00ebt\u00eb ai e pret vet\u00ebm nga misioni i misionar\u00ebve t\u00eb m\u00ebdhenj n\u00eb misionin e demokrat\u00ebve.<br \/>\nShpresa e vetme q\u00eb u ka mbetur shqiptar\u00ebve \u00ebsht\u00eb opozita.<br \/>\nVet\u00ebm ne jemi ata q\u00eb sot po luftojm\u00eb p\u00ebr ta.<br \/>\nKjo e v\u00ebrtet\u00eb \u00ebsht\u00eb nj\u00eb kushtrim rr\u00ebnqeth\u00ebs p\u00ebr cilindo nga ne.<br \/>\nSe vet\u00ebm ne jemi zgjidhja p\u00ebr ato n\u00ebna t\u00eb p\u00ebrlotura q\u00eb jan\u00eb ndar\u00eb nga f\u00ebmij\u00ebt e tyr\u00eb n\u00eb emigrim.<br \/>\nSepse ne jemi shpresa p\u00ebr t\u00eb rinjt\u00eb q\u00eb i ka topitur realiteti ku jetojn\u00eb.<br \/>\nVet\u00ebm ne jemi shpresa p\u00ebr ata prind\u00ebr zem\u00ebrthyer q\u00eb nuk u dalin parat\u00eb p\u00ebr t\u00eb mbyllur muajin.<br \/>\nVet\u00ebm ne jemi shpresa p\u00ebr t\u00eb shp\u00ebtuar pluralizmin politik.<br \/>\nVet\u00ebm pse ne jemi shpresa e fundit e shqiptar\u00ebve, luftohemi eg\u00ebrsisht.<br \/>\nPrandaj na vidhet logoja e partis\u00eb, prandaj na bllokojn\u00eb n\u00eb parlament, prandaj l\u00ebshohen flet\u00ebrrufe p\u00ebr kryetarin e opozit\u00ebs.<br \/>\nPo a mund t\u00eb na demoralizojn\u00eb ne k\u00ebto sulme t\u00eb ul\u00ebta? Jo kurr\u00eb.<br \/>\nMos harroni, jemi shpresa e fundit e shqiptar\u00ebve,<br \/>\nPrandaj p\u00ebrgjigjia jon\u00eb do jet\u00eb 10-fishim n\u00eb Kuvend, 10-fishim i veprimit ton\u00eb me qytetar\u00ebt, 10-fishim i dialogut ton\u00eb me nj\u00ebri-tjetrin, 10 her\u00eb m\u00eb t\u00eb bashkuar n\u00eb sheshe, 10-fishimin e masivitetit t\u00eb protestave tona, 10-fishim n\u00eb q\u00ebndrueshm\u00ebrin\u00eb ton\u00eb, 10-fishim n\u00eb p\u00ebrgjigjen ton\u00eb.<br \/>\nSepse ne vet\u00ebm k\u00ebshtu ne nxjerrim shqiptar\u00ebt nga d\u00ebshp\u00ebrimi, vet\u00ebm k\u00ebshtu kjo qeveri antishqiptare dhe kriminale do p\u00ebrmbyset.<br \/>\nVet\u00ebm k\u00ebshtu e shp\u00ebtojm\u00eb Shqip\u00ebrin\u00eb nga kjo diktatur\u00eb e re.<br \/>\nRroft\u00eb Shqip\u00ebria!<\/p>\n","protected":false},"excerpt":{"rendered":"<p>Kryetari i Partis\u00eb Demokratike, Sali Berisha ka theksuar n\u00eb mbledhjen e K\u00ebshillit Komb\u00ebtar se opozita \u00ebsht\u00eb shpresa e vetme q\u00eb u ka mbetur shqiptar\u00ebve. Berisha: E ashtuquajtura aleanc\u00eb e qelb\u00ebsirave me n\u00eb krye kreun e saj, u krijua p\u00ebr t\u00eb rr\u00ebzuar Sali Berish\u00ebn. Kjo aleanc\u00eb qeverisi p\u00ebr 10 vite Shqip\u00ebrin\u00eb, prandaj jemi katandisur k\u00ebshtu. Imagjinoni &hellip;<\/p>\n","protected":false},"author":4,"featured_media":62139,"comment_status":"open","ping_status":"open","sticky":false,"template":"","format":"standard","meta":{"footnotes":""},"categories":[37],"tags":[],"class_list":["post-62150","post","type-post","status-publish","format-standard","has-post-thumbnail","","category-politike"],"_links":{"self":[{"href":"https:\/\/rdnews.al\/index.php\/wp-json\/wp\/v2\/posts\/62150","targetHints":{"allow":["GET"]}}],"collection":[{"href":"https:\/\/rdnews.al\/index.php\/wp-json\/wp\/v2\/posts"}],"about":[{"href":"https:\/\/rdnews.al\/index.php\/wp-json\/wp\/v2\/types\/post"}],"author":[{"embeddable":true,"href":"https:\/\/rdnews.al\/index.php\/wp-json\/wp\/v2\/users\/4"}],"replies":[{"embeddable":true,"href":"https:\/\/rdnews.al\/index.php\/wp-json\/wp\/v2\/comments?post=62150"}],"version-history":[{"count":0,"href":"https:\/\/rdnews.al\/index.php\/wp-json\/wp\/v2\/posts\/62150\/revisions"}],"wp:featuredmedia":[{"embeddable":true,"href":"https:\/\/rdnews.al\/index.php\/wp-json\/wp\/v2\/media\/62139"}],"wp:attachment":[{"href":"https:\/\/rdnews.al\/index.php\/wp-json\/wp\/v2\/media?parent=62150"}],"wp:term":[{"taxonomy":"category","embeddable":true,"href":"https:\/\/rdnews.al\/index.php\/wp-json\/wp\/v2\/categories?post=62150"},{"taxonomy":"post_tag","embeddable":true,"href":"https:\/\/rdnews.al\/index.php\/wp-json\/wp\/v2\/tags?post=62150"}],"curies":[{"name":"wp","href":"https:\/\/api.w.org\/{rel}","templated":true}]}}