{"id":62160,"date":"2023-10-28T08:54:54","date_gmt":"2023-10-28T08:54:54","guid":{"rendered":"https:\/\/rdnews.al\/?p=62160"},"modified":"2023-10-28T08:54:54","modified_gmt":"2023-10-28T08:54:54","slug":"paloka-te-gjithe-bashke-gati-per-cdo-gje-regjimet-permbysen","status":"publish","type":"post","link":"https:\/\/rdnews.al\/index.php\/2023\/10\/28\/paloka-te-gjithe-bashke-gati-per-cdo-gje-regjimet-permbysen\/","title":{"rendered":"Paloka: T\u00eb gjith\u00eb bashk\u00eb! Gati p\u00ebr \u00e7do gj\u00eb! Regjimet p\u00ebrmbysen!"},"content":{"rendered":"<p>Kryetari i K\u00ebshillit Komb\u00ebtar t\u00eb PD, Edi Paloka, pas mbledhjes s\u00eb K\u00ebshillit Komb\u00ebtar ka publikuar mesazhin se demokrat\u00ebt jan\u00eb bashk\u00eb dhe gati p\u00ebr t\u2019i dh\u00ebn\u00eb p\u00ebrgjigjen q\u00eb meriton regjimi i Edi Ram\u00ebs n\u00eb Shqip\u00ebri.<\/p>\n<p><strong>Reagimi <\/strong><\/p>\n<p>Sot ne mbledhjen e Keshillit Kombetar te PD!<\/p>\n<p>Te gjithe bashke! Gati per cdo gje .<\/p>\n<p>Regjimet permbysen!<\/p>\n<p>Disa do te na numerojne diten e pare po do benin mire ti bejne \u201cllogarite\u201d ne fund. Dikur e kemi filluar dhe me 500 . Kemi provuar dhe dhunen e burgjet\u00a0 po nuk u thyem kurre e ne fund fituam.<\/p>\n<p>E kete here o fitojme , o shuhemi. Perballe ketyre alternativave ne kane vene kunder vullnetit tone. E kush mendon se do te pranojme te ulim koken e te shuhemi \u201cne heshtje\u201d i ka bere llogarite gabim.<\/p>\n","protected":false},"excerpt":{"rendered":"<p>Kryetari i K\u00ebshillit Komb\u00ebtar t\u00eb PD, Edi Paloka, pas mbledhjes s\u00eb K\u00ebshillit Komb\u00ebtar ka publikuar mesazhin se demokrat\u00ebt jan\u00eb bashk\u00eb dhe gati p\u00ebr t\u2019i dh\u00ebn\u00eb p\u00ebrgjigjen q\u00eb meriton regjimi i Edi Ram\u00ebs n\u00eb Shqip\u00ebri. Reagimi Sot ne mbledhjen e Keshillit Kombetar te PD! Te gjithe bashke! Gati per cdo gje . Regjimet permbysen! Disa do &hellip;<\/p>\n","protected":false},"author":4,"featured_media":62161,"comment_status":"open","ping_status":"open","sticky":false,"template":"","format":"standard","meta":{"footnotes":""},"categories":[37],"tags":[],"class_list":["post-62160","post","type-post","status-publish","format-standard","has-post-thumbnail","","category-politike"],"_links":{"self":[{"href":"https:\/\/rdnews.al\/index.php\/wp-json\/wp\/v2\/posts\/62160","targetHints":{"allow":["GET"]}}],"collection":[{"href":"https:\/\/rdnews.al\/index.php\/wp-json\/wp\/v2\/posts"}],"about":[{"href":"https:\/\/rdnews.al\/index.php\/wp-json\/wp\/v2\/types\/post"}],"author":[{"embeddable":true,"href":"https:\/\/rdnews.al\/index.php\/wp-json\/wp\/v2\/users\/4"}],"replies":[{"embeddable":true,"href":"https:\/\/rdnews.al\/index.php\/wp-json\/wp\/v2\/comments?post=62160"}],"version-history":[{"count":0,"href":"https:\/\/rdnews.al\/index.php\/wp-json\/wp\/v2\/posts\/62160\/revisions"}],"wp:featuredmedia":[{"embeddable":true,"href":"https:\/\/rdnews.al\/index.php\/wp-json\/wp\/v2\/media\/62161"}],"wp:attachment":[{"href":"https:\/\/rdnews.al\/index.php\/wp-json\/wp\/v2\/media?parent=62160"}],"wp:term":[{"taxonomy":"category","embeddable":true,"href":"https:\/\/rdnews.al\/index.php\/wp-json\/wp\/v2\/categories?post=62160"},{"taxonomy":"post_tag","embeddable":true,"href":"https:\/\/rdnews.al\/index.php\/wp-json\/wp\/v2\/tags?post=62160"}],"curies":[{"name":"wp","href":"https:\/\/api.w.org\/{rel}","templated":true}]}}