{"id":62238,"date":"2023-10-28T17:49:21","date_gmt":"2023-10-28T17:49:21","guid":{"rendered":"https:\/\/rdnews.al\/?p=62238"},"modified":"2023-10-28T17:49:34","modified_gmt":"2023-10-28T17:49:34","slug":"ju-kane-keqperdorur-por-kjo-nuk-ju-shfajeson-zoti-krichbaum","status":"publish","type":"post","link":"https:\/\/rdnews.al\/index.php\/2023\/10\/28\/ju-kane-keqperdorur-por-kjo-nuk-ju-shfajeson-zoti-krichbaum\/","title":{"rendered":"Ju kan\u00eb keqp\u00ebrdorur, por kjo nuk ju shfaj\u00ebson, zoti Krichbaum!"},"content":{"rendered":"<p><strong>Nga Gent STRAZIMIRI\u00a0<\/strong><\/p>\n<p>&#8220;Imuniteti parlamentar nuk \u00ebsht\u00eb privilegj i deputetit&#8221;, \u00ebsht\u00eb ekzakt\u00ebsisht argumenti i Sali Berish\u00ebs n\u00eb vitin 2012, kur n\u00eb cil\u00ebsin\u00eb e kryeministrit investoi parlamentin shqiptar p\u00ebr t\u00eb ndryshuar Kushtetut\u00ebn dhe p\u00ebr t\u00eb zhveshur nga imuniteti parlamentar deputet\u00ebt n\u00ebse akuzohen p\u00ebr korrupsion, duke nisur nga vetja.<\/p>\n<p>Personalisht isha kund\u00ebr, si jurist dhe deputet q\u00eb, p\u00ebr shkak t\u00eb detyr\u00ebs i ishte dashur t\u00eb studionte Kushtetutat e vendeve t\u00eb BE, p\u00ebrfshi Gjermanin\u00eb dhe, nuk e di as sot se \u00e7&#8217;do t\u00eb b\u00ebja kur t\u00eb vinte dita t\u00eb votohej n\u00eb parlament&#8230;<\/p>\n<p>P\u00ebr fat t\u00eb mir\u00eb, ishte Edi Rama, at\u00ebher\u00eb kryetar i opozit\u00ebs, q\u00eb (p\u00ebr arsye krejt t\u00eb tjera nga un\u00eb) ishte gjithashtu kund\u00ebr.<\/p>\n<p>Ai p\u00ebrmes jurist\u00ebve t\u00eb tij paraqiti nj\u00eb Vendim t\u00eb Gjykat\u00ebs s\u00eb Strasburgut t\u00eb vitit 2006.<\/p>\n<p>N\u00eb t\u00eb argumentohej se mbajtja e imunitetit parlamentar nuk ishte privilegj, por detyrim i deputetit i cili, p\u00ebr shkak t\u00eb detyr\u00ebs, mbart n\u00eb vetvete paprekshm\u00ebrin\u00eb e parlamentit, jo thjesht paprekshm\u00ebrin\u00eb e tij individuale&#8230;<\/p>\n<p>Gjykata e Strasburgut n\u00eb jurisprudenc\u00ebn e saj, konsideronte se \u00e7do veprim hetimor i nd\u00ebrmarr\u00eb ndaj deputetit pa marr\u00eb m\u00eb par\u00eb autorizimin e parlamentit \u00ebsht\u00eb anti-kushtetues, i paligjsh\u00ebm, i pavlefsh\u00ebm!!<\/p>\n<p>Kjo, madje edhe n\u00ebse deputeti vet\u00eb \u00ebsht\u00eb dakord q\u00eb t\u00eb mos i njoh\u00eb vetes imunitet p\u00ebrball\u00eb drejt\u00ebsis\u00eb&#8230;<\/p>\n<p>Pra, teknikisht, edhe n\u00ebse Sali Berisha nuk do e kund\u00ebrshtonte sot k\u00ebt\u00eb akt, haptazi anti-kushtetues, procesi ndaj tij do niste me &#8220;ves&#8221; dhe do ishte i pavlefsh\u00ebm!!!!<\/p>\n<p>Pse?<\/p>\n<p>Pik\u00ebrisht se imuniteti parlamentar nuk i takok\u00ebsh deputetit si privilegj, n\u00eb rastin konkret Sali Berish\u00ebs, por Parlamentit dhe, Parlamenti e ushtroka dhe e ruaka at\u00eb p\u00ebrmes paprekshm\u00ebris\u00eb s\u00eb secilit prej an\u00ebtar\u00ebve t\u00eb tij, thot\u00eb Gjykata e Strasburgut!!!<\/p>\n<p>N\u00ebse Edi Rama nuk do kishte investuar jurist\u00ebt e tij n\u00eb k\u00ebt\u00eb \u00e7\u00ebshtje, ne sot mbase nuk e do kishim nenin 73 q\u00eb e kemi n\u00eb Kushtetut\u00ebn ton\u00eb, identik, &#8220;mot \u00e0 mot&#8221; si\u00e7 e ka Kushtetuta e Gjermanis\u00eb&#8230;<\/p>\n<p>Ka po ashtu nj\u00eb debat juridiko-politik q\u00eb e konsideron imunitetin parlamentar nj\u00eb element arkaik n\u00eb Kushtetutat e vendeve me demokraci t\u00eb konsoliduar, me argumentin se &#8220;nuk ka m\u00eb shans t\u00eb lind\u00eb nj\u00eb Hitler tjet\u00ebr&#8221;.<\/p>\n<p>Ka gjithashtu nj\u00eb mendim kund\u00ebr tyre, q\u00eb argumenton se ruajtja e imunitetit parlamentar \u00ebsht\u00eb nj\u00eb nga garancit\u00eb q\u00eb nj\u00eb &#8220;Hitler&#8221; edhe n\u00ebse lind, t\u00eb mos mundet t\u00eb instaloj\u00eb nazizmin dhe diktatur\u00ebn, e &#8220;n\u00eb nj\u00eb moment nevoje p\u00ebr siguri t\u00eb komunitetit&#8221;&#8230; si n\u00eb vitin 1933 n\u00eb Gjermani&#8230;<\/p>\n<p>Edhe p\u00ebr k\u00ebt\u00eb debat ka Vendim t\u00eb Gjykat\u00ebs s\u00eb Strasburgut, t\u00eb viti 2011, i cili e ka shteruar deri n\u00eb themel domosdoshm\u00ebrin\u00eb e ruajtjes s\u00eb paprekshm\u00ebris\u00eb s\u00eb liris\u00eb individuale, madje t\u00eb qytetarit t\u00eb thjesht\u00eb, jo m\u00eb t\u00eb deputetit, duke konsideruar se heqja apo kufizimi, qoft\u00eb dhe vet\u00ebm p\u00ebr disa or\u00eb, i liris\u00eb individuale t\u00eb nj\u00eb qytetari, n\u00eb em\u00ebr t\u00eb\u00a0 siguris\u00eb s\u00eb komunitetit si forc\u00eb madhore (rastet e alarmave terroriste), \u00ebsht\u00eb e paligjshme dhe e d\u00ebnueshme.<\/p>\n<p>&#8220;Nevoja p\u00ebr sigurin\u00eb e komunitetit nuk p\u00ebrligj shkeljen e liris\u00eb qoft\u00eb dhe preventive, sado t\u00eb p\u00ebrkoh\u00ebshme t\u00eb individit sepse, n\u00ebse liria e individit \u00ebsht\u00eb e c\u00ebnueshme nuk mund t\u00eb ket\u00eb siguri as p\u00ebr komunitetin&#8221;, argumenton Gjykata e Strasburgut.<\/p>\n<p>Ky \u00ebsht\u00eb nj\u00eb vendim i provokuar nga nevoja p\u00ebr t&#8217;u treguar limitin organeve ligjzbatuese t\u00eb vendeve t\u00eb BE, p\u00ebrfshi Gjermanin\u00eb, dmth vendeve me demokraci t\u00eb konsoliduar.<\/p>\n<p>Imagjino si p\u00ebrkthehet kjo n\u00eb veprimin e t\u00eb nj\u00ebjtave organe t\u00eb vendeve si Shqip\u00ebria, mosfunksionimin e shtetit ligjor dhe t\u00eb s\u00eb drejt\u00ebs, un\u00eb nuk e p\u00ebrshkruaj dot m\u00eb mir\u00eb nga \u00e7&#8217;e keni p\u00ebrshkruar n\u00eb raporte e intervista vet\u00eb ju zoti Kirchbaum&#8230;<\/p>\n<p>Q\u00eb dometh\u00ebn\u00eb imagjino se sa i sigurt\u00eb juridikisht \u00ebsht\u00eb individi dhe lirit\u00eb e tij n\u00eb k\u00ebt\u00eb vendin q\u00eb drejtohet nga nj\u00eb autokrat i cili s\u00eb bashku me nj\u00eb band\u00eb kan\u00eb instaluar korrupsionin endemik n\u00eb \u00e7do zyr\u00eb shtet\u00ebrore, madje m\u00eb s\u00eb shumti n\u00eb drejt\u00ebsi&#8230;<\/p>\n<p>Q\u00eb t\u00eb nd\u00ebrrosh mendje p\u00ebr ato q\u00eb ke shkruar e th\u00ebn\u00eb n\u00ebp\u00ebr raporte e intervista kund\u00ebr regjimit t\u00eb Edi Ram\u00ebs n\u00eb Shqip\u00ebri, k\u00ebt\u00eb t\u00eb drejt\u00eb e ke&#8230;<\/p>\n<p>Q\u00eb t\u00eb ndihmosh deri n\u00eb keqp\u00ebrdorim nj\u00eb mik p\u00ebr nj\u00eb hall politik, e t&#8217;i lejosh vetes t\u00eb mashtrohesh prej tij, edhe k\u00ebt\u00eb t\u00eb drejt\u00eb e ke&#8230;<\/p>\n<p>\u00c7dokush \u00ebsht\u00eb i lir\u00eb ta f\u00eblliq\u00eb veten n\u00eb m\u00ebnyr\u00ebn q\u00eb e konsideron m\u00eb oportune&#8230;<\/p>\n<p>T\u00eb mos kesh njohuri mjaftuesh\u00ebm mbi jurisprudenc\u00ebn e Gjykat\u00ebs s\u00eb Strasburgut dhe t\u00eb jap\u00ebsh mendime si sentenca v\u00ebrtet\u00ebsie, \u00ebsht\u00eb minimalisht\u00a0 joserioze&#8230;<\/p>\n<p>Por, q\u00eb n\u00eb cil\u00ebsin\u00eb e mbart\u00ebsit t\u00eb funksioneve t\u00eb ligjv\u00ebn\u00ebsit gjerman,<\/p>\n<p>&#8211; t\u00eb predikosh t\u00eb kund\u00ebrt\u00ebn e asaj q\u00eb \u00ebsht\u00eb e shkruar e zeza mbi t\u00eb bardh\u00eb si n\u00eb Kushtetut\u00ebn e Gjermanis\u00eb, po ashtu n\u00eb Kushtetut\u00ebn e Shqip\u00ebris\u00eb,<\/p>\n<p>&#8211; t\u00eb duartrokas\u00ebsh praktika anti-kushtetuese q\u00eb n\u00eb Gjermani as nuk \u00ebnd\u00ebrrohen,<\/p>\n<p>kjo \u00ebsht\u00eb e d\u00ebnueshme, \u00ebsht\u00eb faj\u00ebsi, sepse \u00ebsht\u00eb e q\u00ebllimshme, \u00ebsht\u00eb e b\u00ebr\u00eb me dashje dhe me gjakftoht\u00ebsi!!!<\/p>\n<p>P\u00ebr t&#8217;ju evituar keqp\u00ebrdorimin nga &#8220;miku n\u00eb hall&#8221; me keqp\u00ebrkthim, si dhe p\u00ebr t&#8217;ju hequr \u00e7do mund\u00ebsi justifikimi dhe mbrojtje, gjith\u00eb sa m\u00eb sip\u00ebr po e postoj edhe n\u00eb gjermanisht.<\/p>\n<p>Po postoj gjithashtu n\u00eb gjermanisht nenin 46 t\u00eb Kushtetut\u00ebs s\u00eb Gjermanis\u00eb, subjekt i s\u00eb cil\u00ebs jeni vet\u00eb dhe t\u00eb cil\u00ebn keni detyrimin ta mbroni, predikoni dhe respektoni, si\u00e7 jeni betuar kur keni marr\u00eb mandatin e deputetit t\u00eb popullit gjerman.<\/p>\n<p>KAQ!<\/p>\n<p><img loading=\"lazy\" decoding=\"async\" class=\"alignnone size-medium wp-image-62240\" src=\"https:\/\/rdnews.al\/wp-content\/uploads\/2023\/10\/1-34-300x195.jpg\" alt=\"\" width=\"300\" height=\"195\" srcset=\"https:\/\/rdnews.al\/wp-content\/uploads\/2023\/10\/1-34-300x195.jpg 300w, https:\/\/rdnews.al\/wp-content\/uploads\/2023\/10\/1-34-1024x666.jpg 1024w, https:\/\/rdnews.al\/wp-content\/uploads\/2023\/10\/1-34-768x500.jpg 768w, https:\/\/rdnews.al\/wp-content\/uploads\/2023\/10\/1-34-1536x999.jpg 1536w, https:\/\/rdnews.al\/wp-content\/uploads\/2023\/10\/1-34.jpg 2048w\" sizes=\"auto, (max-width: 300px) 100vw, 300px\" \/><\/p>\n","protected":false},"excerpt":{"rendered":"<p>Nga Gent STRAZIMIRI\u00a0 &#8220;Imuniteti parlamentar nuk \u00ebsht\u00eb privilegj i deputetit&#8221;, \u00ebsht\u00eb ekzakt\u00ebsisht argumenti i Sali Berish\u00ebs n\u00eb vitin 2012, kur n\u00eb cil\u00ebsin\u00eb e kryeministrit investoi parlamentin shqiptar p\u00ebr t\u00eb ndryshuar Kushtetut\u00ebn dhe p\u00ebr t\u00eb zhveshur nga imuniteti parlamentar deputet\u00ebt n\u00ebse akuzohen p\u00ebr korrupsion, duke nisur nga vetja. Personalisht isha kund\u00ebr, si jurist dhe deputet q\u00eb, &hellip;<\/p>\n","protected":false},"author":4,"featured_media":0,"comment_status":"open","ping_status":"open","sticky":false,"template":"","format":"standard","meta":{"footnotes":""},"categories":[37],"tags":[],"class_list":["post-62238","post","type-post","status-publish","format-standard","","category-politike"],"_links":{"self":[{"href":"https:\/\/rdnews.al\/index.php\/wp-json\/wp\/v2\/posts\/62238","targetHints":{"allow":["GET"]}}],"collection":[{"href":"https:\/\/rdnews.al\/index.php\/wp-json\/wp\/v2\/posts"}],"about":[{"href":"https:\/\/rdnews.al\/index.php\/wp-json\/wp\/v2\/types\/post"}],"author":[{"embeddable":true,"href":"https:\/\/rdnews.al\/index.php\/wp-json\/wp\/v2\/users\/4"}],"replies":[{"embeddable":true,"href":"https:\/\/rdnews.al\/index.php\/wp-json\/wp\/v2\/comments?post=62238"}],"version-history":[{"count":0,"href":"https:\/\/rdnews.al\/index.php\/wp-json\/wp\/v2\/posts\/62238\/revisions"}],"wp:attachment":[{"href":"https:\/\/rdnews.al\/index.php\/wp-json\/wp\/v2\/media?parent=62238"}],"wp:term":[{"taxonomy":"category","embeddable":true,"href":"https:\/\/rdnews.al\/index.php\/wp-json\/wp\/v2\/categories?post=62238"},{"taxonomy":"post_tag","embeddable":true,"href":"https:\/\/rdnews.al\/index.php\/wp-json\/wp\/v2\/tags?post=62238"}],"curies":[{"name":"wp","href":"https:\/\/api.w.org\/{rel}","templated":true}]}}