{"id":62408,"date":"2023-10-31T12:04:45","date_gmt":"2023-10-31T12:04:45","guid":{"rendered":"https:\/\/rdnews.al\/?p=62408"},"modified":"2023-10-31T12:04:45","modified_gmt":"2023-10-31T12:04:45","slug":"tension-te-ligjet-korreshi-bushkes-keni-shkelur-rregulloren-a-jemi-nje-mt-komisioni-apo","status":"publish","type":"post","link":"https:\/\/rdnews.al\/index.php\/2023\/10\/31\/tension-te-ligjet-korreshi-bushkes-keni-shkelur-rregulloren-a-jemi-nje-mt-komisioni-apo\/","title":{"rendered":"Tension te &#8220;Ligjet&#8221;, Korreshi-Bushk\u00ebs: Keni shkelur rregulloren, a jemi nj\u00eb m*t komisioni apo\u2026"},"content":{"rendered":"<p>Mbledhja e sotme e Komisionit p\u00ebr \u00c7\u00ebshtjet Ligjore ka nisur me tone t\u00eb larta dhe p\u00ebrplasje mes deputet\u00ebve t\u00eb opozit\u00ebs me kryetaren Klotilda Bushka.<\/p>\n<p>Deputet\u00ebt e opozit\u00ebs\u00a0 kan\u00eb akuzuar kryetaren Bushka se ka shkelur Rregulloren me p\u00ebrjashtimin e deputet\u00ebve. P\u00ebr k\u00ebt\u00eb arsye, nuk kan\u00eb lejuar zhvillimin normal t\u00eb mbledhjes s\u00eb Komisionit, duke mos lejuar p\u00ebrfaq\u00ebsuesit e qeveris\u00eb q\u00eb t\u00eb flasin dhe as deputet\u00ebt e Partis\u00eb Socialiste.<\/p>\n<p>Deputeti i PD Sajmir Korreshi i \u00ebsht\u00eb drejtuar Bushk\u00ebs duke i th\u00ebn\u00eb se kan\u00eb shkelur rregulloren, nd\u00ebrsa m\u00eb tej shprehet: A jemi nj\u00eb m*t komisioni apo \u00e7far\u00eb jemi.<\/p>\n<p>M\u00eb pas Bushka i ka t\u00ebrhequr v\u00ebmendjen dhe i ka k\u00ebrkuar q\u00eb t\u00eb ruaj\u00eb etik\u00ebn, e pak minuta m\u00eb pas, \u00ebsht\u00eb nd\u00ebrprer\u00eb seanca.<\/p>\n<p><strong>Pjes\u00eb nga debati<\/strong><\/p>\n<p><strong>Korreshi:<\/strong> Si mundet t\u00eb shkel\u00ebsh kushtetut\u00ebn dhe t\u00eb njofton 12 minuta para, nuk m\u00eb vjen as materiali. Le q\u00eb Byron\u00eb, a jemi nj\u00eb m*t komisioni ligjesh apo \u00e7far\u00eb jemi?<\/p>\n<p><strong>Bushka:<\/strong> Kujdes etik\u00ebn, ta nd\u00ebrpres fjal\u00ebn se nuk \u00ebsht\u00eb \u00e7\u00ebshtje procedure.<\/p>\n<p><strong>Korreshi:<\/strong> Fare! Do flas\u2026<\/p>\n<p>&nbsp;<\/p>\n<p>&nbsp;<\/p>\n","protected":false},"excerpt":{"rendered":"<p>Mbledhja e sotme e Komisionit p\u00ebr \u00c7\u00ebshtjet Ligjore ka nisur me tone t\u00eb larta dhe p\u00ebrplasje mes deputet\u00ebve t\u00eb opozit\u00ebs me kryetaren Klotilda Bushka. Deputet\u00ebt e opozit\u00ebs\u00a0 kan\u00eb akuzuar kryetaren Bushka se ka shkelur Rregulloren me p\u00ebrjashtimin e deputet\u00ebve. P\u00ebr k\u00ebt\u00eb arsye, nuk kan\u00eb lejuar zhvillimin normal t\u00eb mbledhjes s\u00eb Komisionit, duke mos lejuar p\u00ebrfaq\u00ebsuesit &hellip;<\/p>\n","protected":false},"author":4,"featured_media":62409,"comment_status":"open","ping_status":"open","sticky":false,"template":"","format":"standard","meta":{"footnotes":""},"categories":[37],"tags":[],"class_list":["post-62408","post","type-post","status-publish","format-standard","has-post-thumbnail","","category-politike"],"_links":{"self":[{"href":"https:\/\/rdnews.al\/index.php\/wp-json\/wp\/v2\/posts\/62408","targetHints":{"allow":["GET"]}}],"collection":[{"href":"https:\/\/rdnews.al\/index.php\/wp-json\/wp\/v2\/posts"}],"about":[{"href":"https:\/\/rdnews.al\/index.php\/wp-json\/wp\/v2\/types\/post"}],"author":[{"embeddable":true,"href":"https:\/\/rdnews.al\/index.php\/wp-json\/wp\/v2\/users\/4"}],"replies":[{"embeddable":true,"href":"https:\/\/rdnews.al\/index.php\/wp-json\/wp\/v2\/comments?post=62408"}],"version-history":[{"count":0,"href":"https:\/\/rdnews.al\/index.php\/wp-json\/wp\/v2\/posts\/62408\/revisions"}],"wp:featuredmedia":[{"embeddable":true,"href":"https:\/\/rdnews.al\/index.php\/wp-json\/wp\/v2\/media\/62409"}],"wp:attachment":[{"href":"https:\/\/rdnews.al\/index.php\/wp-json\/wp\/v2\/media?parent=62408"}],"wp:term":[{"taxonomy":"category","embeddable":true,"href":"https:\/\/rdnews.al\/index.php\/wp-json\/wp\/v2\/categories?post=62408"},{"taxonomy":"post_tag","embeddable":true,"href":"https:\/\/rdnews.al\/index.php\/wp-json\/wp\/v2\/tags?post=62408"}],"curies":[{"name":"wp","href":"https:\/\/api.w.org\/{rel}","templated":true}]}}