{"id":62642,"date":"2023-11-02T12:45:47","date_gmt":"2023-11-02T12:45:47","guid":{"rendered":"https:\/\/rdnews.al\/?p=62642"},"modified":"2023-11-02T12:46:05","modified_gmt":"2023-11-02T12:46:05","slug":"dergimi-i-skap-it-ne-parlament-verteton-se-kjo-eshte-organizate-kriminale-e-drejtuar-nga-rama","status":"publish","type":"post","link":"https:\/\/rdnews.al\/index.php\/2023\/11\/02\/dergimi-i-skap-it-ne-parlament-verteton-se-kjo-eshte-organizate-kriminale-e-drejtuar-nga-rama\/","title":{"rendered":"Berisha: D\u00ebrgimi i SKAP-it n\u00eb parlament v\u00ebrteton se kjo \u00ebsht\u00eb organizat\u00eb kriminale e drejtuar nga Rama"},"content":{"rendered":"<p>Kryetari i PD, Sali Berisha tha se, d\u00ebrgimi i SKAP-it n\u00eb parlament v\u00ebrteton se, kjo \u00ebsht\u00eb organizat\u00eb kriminale e drejtuar nga Rama. Berisha tha n\u00eb nj\u00eb prononcim p\u00ebr mediat tek kryesia e Kuvendit se do t\u00eb ket\u00eb nj\u00eb p\u00ebrgjigje mbar\u00ebpopullore, nj\u00eb reagim mbar\u00ebpopullor do jet\u00eb finalizimi i k\u00ebsaj p\u00ebrpjekje.<\/p>\n<p>\u201cKan\u00eb d\u00ebrguar SKAP-in, kur un\u00eb u thoja ju SKAP-i, ju habiteshit, nuk e p\u00eblqenit k\u00ebt\u00eb term.<br \/>\nHarronit faktin se un\u00eb jam ish-president, ish-kryeminist\u00ebr dhe gj\u00ebja e fundit q\u00eb mund t\u00eb thoja \u00ebsht\u00eb kjo.\u00a0Por a e dini ju se sot SKAP-i \u00ebsht\u00eb n\u00eb parlament, q\u00eb nuk ka asnj\u00eb vep\u00ebr penale.<\/p>\n<p>SKAP-i, nj\u00eb organizat\u00eb e v\u00ebrtet\u00eb kriminale q\u00eb komandohet nga Edi Rama, \u00ebsht\u00eb sot n\u00eb sall\u00ebn e parlamentit. A ndodhi nj\u00eb krim p\u00ebr SKAP-in aty, m\u00eb thoni, pyesni? Duke d\u00ebshmuar se \u00ebsht\u00eb nj\u00eb veg\u00ebl e verb\u00ebr e Edi Ram\u00ebs.<\/p>\n<p>Sidoqoft\u00eb, ju garantoj se k\u00ebt\u00eb betej\u00eb pa kthim nuk mund t\u00eb ndaloj\u00eb gjer n\u00eb rikthimin e plot\u00eb t\u00eb t\u00eb drejtave kushtetuese t\u00eb deputet\u00ebve n\u00eb parlament.<\/p>\n<p>Ftoj popullin opozitar ta ndjek\u00eb k\u00ebt\u00eb betej\u00eb. Natyrisht deputet\u00ebt jan\u00eb t\u00eb lidhur pazgjidhshm\u00ebrisht me popullin opozitar dhe jam i bindur se n\u00eb momentin e dh\u00ebn\u00eb, nj\u00eb p\u00ebrgjigje mbar\u00ebpopullore, nj\u00eb reagim mbar\u00ebpopullor do jet\u00eb finalizimi i k\u00ebsaj p\u00ebrpjekje\u201d, tha Berisha.<\/p>\n","protected":false},"excerpt":{"rendered":"<p>Kryetari i PD, Sali Berisha tha se, d\u00ebrgimi i SKAP-it n\u00eb parlament v\u00ebrteton se, kjo \u00ebsht\u00eb organizat\u00eb kriminale e drejtuar nga Rama. Berisha tha n\u00eb nj\u00eb prononcim p\u00ebr mediat tek kryesia e Kuvendit se do t\u00eb ket\u00eb nj\u00eb p\u00ebrgjigje mbar\u00ebpopullore, nj\u00eb reagim mbar\u00ebpopullor do jet\u00eb finalizimi i k\u00ebsaj p\u00ebrpjekje. \u201cKan\u00eb d\u00ebrguar SKAP-in, kur un\u00eb u &hellip;<\/p>\n","protected":false},"author":4,"featured_media":62646,"comment_status":"open","ping_status":"open","sticky":false,"template":"","format":"standard","meta":{"footnotes":""},"categories":[37],"tags":[],"class_list":["post-62642","post","type-post","status-publish","format-standard","has-post-thumbnail","","category-politike"],"_links":{"self":[{"href":"https:\/\/rdnews.al\/index.php\/wp-json\/wp\/v2\/posts\/62642","targetHints":{"allow":["GET"]}}],"collection":[{"href":"https:\/\/rdnews.al\/index.php\/wp-json\/wp\/v2\/posts"}],"about":[{"href":"https:\/\/rdnews.al\/index.php\/wp-json\/wp\/v2\/types\/post"}],"author":[{"embeddable":true,"href":"https:\/\/rdnews.al\/index.php\/wp-json\/wp\/v2\/users\/4"}],"replies":[{"embeddable":true,"href":"https:\/\/rdnews.al\/index.php\/wp-json\/wp\/v2\/comments?post=62642"}],"version-history":[{"count":0,"href":"https:\/\/rdnews.al\/index.php\/wp-json\/wp\/v2\/posts\/62642\/revisions"}],"wp:featuredmedia":[{"embeddable":true,"href":"https:\/\/rdnews.al\/index.php\/wp-json\/wp\/v2\/media\/62646"}],"wp:attachment":[{"href":"https:\/\/rdnews.al\/index.php\/wp-json\/wp\/v2\/media?parent=62642"}],"wp:term":[{"taxonomy":"category","embeddable":true,"href":"https:\/\/rdnews.al\/index.php\/wp-json\/wp\/v2\/categories?post=62642"},{"taxonomy":"post_tag","embeddable":true,"href":"https:\/\/rdnews.al\/index.php\/wp-json\/wp\/v2\/tags?post=62642"}],"curies":[{"name":"wp","href":"https:\/\/api.w.org\/{rel}","templated":true}]}}