{"id":62643,"date":"2023-11-02T12:44:04","date_gmt":"2023-11-02T12:44:04","guid":{"rendered":"https:\/\/rdnews.al\/?p=62643"},"modified":"2023-11-02T12:47:46","modified_gmt":"2023-11-02T12:47:46","slug":"skandali-mbi-100-gardiste-te-armatosur-ne-parlament-kunder-opozites","status":"publish","type":"post","link":"https:\/\/rdnews.al\/index.php\/2023\/11\/02\/skandali-mbi-100-gardiste-te-armatosur-ne-parlament-kunder-opozites\/","title":{"rendered":"Skandali\/Mbi 100 gardist\u00eb t\u00eb armatosur n\u00eb Parlament kund\u00ebr opozit\u00ebs"},"content":{"rendered":"<p>Mbi 100 gardist\u00eb kan\u00eb qen\u00eb sot t\u00eb pranish\u00ebm n\u00eb ambjentet e Parlamentit dhe disa prej tyre n\u00eb kund\u00ebrshtim me ligjin kan\u00eb qen\u00eb t\u00eb armatosur. Gardist\u00ebt an\u00eb qen\u00eb Brenda seanc\u00ebn plenare. 20 prej tyre kan\u00eb qen\u00eb n\u00eb sh\u00ebrbim t\u00eb Lindita Nikoll\u00ebs nd\u00ebrsa Bardhi tha se ka pasur edhe n\u00eb katet e tjera t\u00eb Parlamentit. <\/p>\n<p>Kreu i grupit parlamentar t\u00eb PD-s\u00eb, Gazment Bardhi deklaroi se do t\u00eb kall\u00ebzoj\u00eb n\u00eb SPAK kryeparlamentaren Nikolla, se ka lejuar q\u00eb punonj\u00ebs t\u00eb gard\u00ebs t\u00eb futen n\u00eb sall\u00ebn e Kuvendit t\u00eb armatosur.<\/p>\n<p>\u201cIndinjat\u00eb t\u00eb thell\u00eb p\u00ebr sjelljen e sotme t\u00eb kryetares s\u00eb kuvendit, e cila n\u00eb sjellje flagrante, ka lejuar futjen n\u00eb gard\u00eb t\u00eb punonj\u00ebsve t\u00eb gard\u00ebs q\u00eb kan\u00eb t\u00eb armatosur. Sot me urgjenc\u00eb do t\u00eb depozitojm\u00eb kall\u00ebzim penal p\u00ebr shp\u00ebrdorim detyre ndaj kryetares s\u00eb kuvendit q\u00eb mendon se do t\u00eb tremb\u00eb opozit\u00ebn me Gard\u00ebn apo punonj\u00ebs policie t\u00eb armatosur.\u201d, tha Bardhi.<\/p>\n","protected":false},"excerpt":{"rendered":"<p>Mbi 100 gardist\u00eb kan\u00eb qen\u00eb sot t\u00eb pranish\u00ebm n\u00eb ambjentet e Parlamentit dhe disa prej tyre n\u00eb kund\u00ebrshtim me ligjin kan\u00eb qen\u00eb t\u00eb armatosur. Gardist\u00ebt an\u00eb qen\u00eb Brenda seanc\u00ebn plenare. 20 prej tyre kan\u00eb qen\u00eb n\u00eb sh\u00ebrbim t\u00eb Lindita Nikoll\u00ebs nd\u00ebrsa Bardhi tha se ka pasur edhe n\u00eb katet e tjera t\u00eb Parlamentit. Kreu i &hellip;<\/p>\n","protected":false},"author":4,"featured_media":62644,"comment_status":"open","ping_status":"open","sticky":false,"template":"","format":"standard","meta":{"footnotes":""},"categories":[37],"tags":[],"class_list":["post-62643","post","type-post","status-publish","format-standard","has-post-thumbnail","","category-politike"],"_links":{"self":[{"href":"https:\/\/rdnews.al\/index.php\/wp-json\/wp\/v2\/posts\/62643","targetHints":{"allow":["GET"]}}],"collection":[{"href":"https:\/\/rdnews.al\/index.php\/wp-json\/wp\/v2\/posts"}],"about":[{"href":"https:\/\/rdnews.al\/index.php\/wp-json\/wp\/v2\/types\/post"}],"author":[{"embeddable":true,"href":"https:\/\/rdnews.al\/index.php\/wp-json\/wp\/v2\/users\/4"}],"replies":[{"embeddable":true,"href":"https:\/\/rdnews.al\/index.php\/wp-json\/wp\/v2\/comments?post=62643"}],"version-history":[{"count":0,"href":"https:\/\/rdnews.al\/index.php\/wp-json\/wp\/v2\/posts\/62643\/revisions"}],"wp:featuredmedia":[{"embeddable":true,"href":"https:\/\/rdnews.al\/index.php\/wp-json\/wp\/v2\/media\/62644"}],"wp:attachment":[{"href":"https:\/\/rdnews.al\/index.php\/wp-json\/wp\/v2\/media?parent=62643"}],"wp:term":[{"taxonomy":"category","embeddable":true,"href":"https:\/\/rdnews.al\/index.php\/wp-json\/wp\/v2\/categories?post=62643"},{"taxonomy":"post_tag","embeddable":true,"href":"https:\/\/rdnews.al\/index.php\/wp-json\/wp\/v2\/tags?post=62643"}],"curies":[{"name":"wp","href":"https:\/\/api.w.org\/{rel}","templated":true}]}}