{"id":62772,"date":"2023-11-03T18:32:54","date_gmt":"2023-11-03T18:32:54","guid":{"rendered":"https:\/\/rdnews.al\/?p=62772"},"modified":"2023-11-03T19:20:39","modified_gmt":"2023-11-03T19:20:39","slug":"urdherohet-prishja-e-hotelit-me-leje-te-opozitarit-berisha-hakmarrje-primitive-e-edi-rames","status":"publish","type":"post","link":"https:\/\/rdnews.al\/index.php\/2023\/11\/03\/urdherohet-prishja-e-hotelit-me-leje-te-opozitarit-berisha-hakmarrje-primitive-e-edi-rames\/","title":{"rendered":"Urdh\u00ebrohet prishja e hotelit me leje t\u00eb opozitarit, Berisha: Hakmarrje primitive e Edi Ram\u00ebs!"},"content":{"rendered":"<p>Kryetari i PD, Sali Berisha ka denoncuar hakmarrjen primitive t\u00eb kryeministrit Edi Rama duke urdh\u00ebruar prishjen e hotelit me leje t\u00eb opozitarit n\u00eb Dh\u00ebrmi. N\u00eb denoncimin e publikuar n\u00eb Facebook, Berisha thekson se Rama ka urdh\u00ebruar IKMT p\u00ebr t\u00eb prishur hotelin e Gjika Stramarko, pavar\u00ebsisht nga masa e siguris\u00eb.<\/p>\n<p><strong>Postimi<\/strong><\/p>\n<p>Urdh\u00ebron Bicin t\u00eb prish\u00eb hotelin me leje t\u00eb opozitarit pavar\u00ebsisht nga masat e siguris\u00eb.<\/p>\n<p>Lexoni mesazhin e qytetarit dixhital.<\/p>\n<p>Pershendetje Doktor!<\/p>\n<p>Jam Gjika Stramarko ish kryetari i fshatit Dhermi.<\/p>\n<p>Prej vitesh kam konflikt me IKMT.<\/p>\n<p>Pas tre tentativash te pa realizuara per te prishur objektin tim me leje ne fshatin Dhermi, sot vij ne dijeni se nga IKMT eshte planifikuar prishja e objektit tim, per daten 04.11.2023.<\/p>\n<p>Ju ve ne dijeni se me vendimin nr. 00-2023-3141 (276), date 27.07.2023te Gjykates se Larte eshte vendosur pezullimi i \u00e7do veprimi te IKMT per prishjen e objektit tone.<\/p>\n<p>Ne keto kushte, ne aspektin ligjor, nuk eshte e kuptueshme asnje nderhyrje per prishjen e objektit tim.<\/p>\n<p>Pavaresisht kesaj, policise se shtetit i eshte derguar kerkese per mbeshtetje nga IKMT, per te prishur nje objekt qe gjykata ka urdheruar te mos prishet.<\/p>\n<p>Po kerkojme vetem zbatimin e ligjit, nje vendimi te formes se prere, respektimin e vendimeve te gjykates.<\/p>\n<p>Te pershendesim.<\/p>\n","protected":false},"excerpt":{"rendered":"<p>Kryetari i PD, Sali Berisha ka denoncuar hakmarrjen primitive t\u00eb kryeministrit Edi Rama duke urdh\u00ebruar prishjen e hotelit me leje t\u00eb opozitarit n\u00eb Dh\u00ebrmi. N\u00eb denoncimin e publikuar n\u00eb Facebook, Berisha thekson se Rama ka urdh\u00ebruar IKMT p\u00ebr t\u00eb prishur hotelin e Gjika Stramarko, pavar\u00ebsisht nga masa e siguris\u00eb. Postimi Urdh\u00ebron Bicin t\u00eb prish\u00eb hotelin &hellip;<\/p>\n","protected":false},"author":4,"featured_media":41663,"comment_status":"open","ping_status":"open","sticky":false,"template":"","format":"standard","meta":{"footnotes":""},"categories":[37],"tags":[],"class_list":["post-62772","post","type-post","status-publish","format-standard","has-post-thumbnail","","category-politike"],"_links":{"self":[{"href":"https:\/\/rdnews.al\/index.php\/wp-json\/wp\/v2\/posts\/62772","targetHints":{"allow":["GET"]}}],"collection":[{"href":"https:\/\/rdnews.al\/index.php\/wp-json\/wp\/v2\/posts"}],"about":[{"href":"https:\/\/rdnews.al\/index.php\/wp-json\/wp\/v2\/types\/post"}],"author":[{"embeddable":true,"href":"https:\/\/rdnews.al\/index.php\/wp-json\/wp\/v2\/users\/4"}],"replies":[{"embeddable":true,"href":"https:\/\/rdnews.al\/index.php\/wp-json\/wp\/v2\/comments?post=62772"}],"version-history":[{"count":0,"href":"https:\/\/rdnews.al\/index.php\/wp-json\/wp\/v2\/posts\/62772\/revisions"}],"wp:featuredmedia":[{"embeddable":true,"href":"https:\/\/rdnews.al\/index.php\/wp-json\/wp\/v2\/media\/41663"}],"wp:attachment":[{"href":"https:\/\/rdnews.al\/index.php\/wp-json\/wp\/v2\/media?parent=62772"}],"wp:term":[{"taxonomy":"category","embeddable":true,"href":"https:\/\/rdnews.al\/index.php\/wp-json\/wp\/v2\/categories?post=62772"},{"taxonomy":"post_tag","embeddable":true,"href":"https:\/\/rdnews.al\/index.php\/wp-json\/wp\/v2\/tags?post=62772"}],"curies":[{"name":"wp","href":"https:\/\/api.w.org\/{rel}","templated":true}]}}