{"id":62853,"date":"2023-11-04T17:58:37","date_gmt":"2023-11-04T17:58:37","guid":{"rendered":"https:\/\/rdnews.al\/?p=62853"},"modified":"2023-11-04T17:58:37","modified_gmt":"2023-11-04T17:58:37","slug":"rama-do-ti-marre-forcave-detare-pronat-ne-jale-gati-vendimi","status":"publish","type":"post","link":"https:\/\/rdnews.al\/index.php\/2023\/11\/04\/rama-do-ti-marre-forcave-detare-pronat-ne-jale-gati-vendimi\/","title":{"rendered":"Rama do t\u2019i marr\u00eb forcave detare pronat n\u00eb Jal\u00eb, gati vendimi"},"content":{"rendered":"<p>Ish-komandanti i Forcave Detare, Artur Me\u00e7ollari \u00ebsht\u00eb shprehur se ka informacione se Jala nuk do t\u00eb jet\u00eb m\u00eb n\u00eb pron\u00ebsi t\u00eb forcave detare. N\u00eb nj\u00eb intervist\u00eb p\u00ebr Euronews Albania, \u00ebsht\u00eb shprehur se Jala do t\u2019i hiqet ushtris\u00eb n\u00eb momentin q\u00eb presidenti t\u00eb firmos\u00eb.<\/p>\n<p>\u201cForcat detare nuk mund t\u2019i ken\u00eb pronat n\u00eb mal por n\u00eb buz\u00eb t\u00eb detit si\u00e7 \u00ebsht\u00eb Jala, q\u00eb presidenti po pret me padurim q\u00eb mos t\u00eb jet\u00eb m\u00eb e ushtris\u00eb. Sipas propozimeve t\u00eb b\u00ebra nuk do jet\u00eb m\u00eb e ushtris\u00eb. Kjo do t\u00eb ndodh kur Presidenti ta firmos. Ky \u00ebsht\u00eb informacion i sigurt\u00eb. Problemi q\u00ebndron se kur b\u00ebhen studime t\u00eb tilla, b\u00ebhen mbi baz\u00ebn e disa kritereve. Nuk mundet q\u00eb nj\u00eb njeri n\u00eb m\u00ebnyr\u00eb arbitrare t\u00eb ngre grupe pune, sepse \u00e7\u00ebshtja \u00ebsht\u00eb se k\u00ebta nuk i sh\u00ebrbejn\u00eb ushtris\u00eb s\u00eb sotme, por dhe t\u00eb nes\u00ebrmes\u201d,\u00a0tha ai.<\/p>\n","protected":false},"excerpt":{"rendered":"<p>Ish-komandanti i Forcave Detare, Artur Me\u00e7ollari \u00ebsht\u00eb shprehur se ka informacione se Jala nuk do t\u00eb jet\u00eb m\u00eb n\u00eb pron\u00ebsi t\u00eb forcave detare. N\u00eb nj\u00eb intervist\u00eb p\u00ebr Euronews Albania, \u00ebsht\u00eb shprehur se Jala do t\u2019i hiqet ushtris\u00eb n\u00eb momentin q\u00eb presidenti t\u00eb firmos\u00eb. \u201cForcat detare nuk mund t\u2019i ken\u00eb pronat n\u00eb mal por n\u00eb buz\u00eb &hellip;<\/p>\n","protected":false},"author":4,"featured_media":0,"comment_status":"open","ping_status":"open","sticky":false,"template":"","format":"standard","meta":{"footnotes":""},"categories":[37],"tags":[],"class_list":["post-62853","post","type-post","status-publish","format-standard","","category-politike"],"_links":{"self":[{"href":"https:\/\/rdnews.al\/index.php\/wp-json\/wp\/v2\/posts\/62853","targetHints":{"allow":["GET"]}}],"collection":[{"href":"https:\/\/rdnews.al\/index.php\/wp-json\/wp\/v2\/posts"}],"about":[{"href":"https:\/\/rdnews.al\/index.php\/wp-json\/wp\/v2\/types\/post"}],"author":[{"embeddable":true,"href":"https:\/\/rdnews.al\/index.php\/wp-json\/wp\/v2\/users\/4"}],"replies":[{"embeddable":true,"href":"https:\/\/rdnews.al\/index.php\/wp-json\/wp\/v2\/comments?post=62853"}],"version-history":[{"count":0,"href":"https:\/\/rdnews.al\/index.php\/wp-json\/wp\/v2\/posts\/62853\/revisions"}],"wp:attachment":[{"href":"https:\/\/rdnews.al\/index.php\/wp-json\/wp\/v2\/media?parent=62853"}],"wp:term":[{"taxonomy":"category","embeddable":true,"href":"https:\/\/rdnews.al\/index.php\/wp-json\/wp\/v2\/categories?post=62853"},{"taxonomy":"post_tag","embeddable":true,"href":"https:\/\/rdnews.al\/index.php\/wp-json\/wp\/v2\/tags?post=62853"}],"curies":[{"name":"wp","href":"https:\/\/api.w.org\/{rel}","templated":true}]}}