{"id":63199,"date":"2023-11-08T11:40:40","date_gmt":"2023-11-08T11:40:40","guid":{"rendered":"https:\/\/rdnews.al\/?p=63199"},"modified":"2023-11-08T11:41:03","modified_gmt":"2023-11-08T11:41:03","slug":"berisha-rama-ka-lepurin-ne-bark-do-te-ndryshoje-ligjet-e-pergjegjesise-se-shperdorimit-te-detyres","status":"publish","type":"post","link":"https:\/\/rdnews.al\/index.php\/2023\/11\/08\/berisha-rama-ka-lepurin-ne-bark-do-te-ndryshoje-ligjet-e-pergjegjesise-se-shperdorimit-te-detyres\/","title":{"rendered":"Rama ka lepurin n\u00eb bark, do t\u00eb ndryshoj\u00eb ligjet e p\u00ebrgjegj\u00ebsis\u00eb s\u00eb shp\u00ebrdorimit t\u00eb detyr\u00ebs"},"content":{"rendered":"<p>Kryetari i PD, Sali Berisha tha se, Edi Rama \u00ebsht\u00eb ai q\u00eb ka n\u00ebn kontroll SPAK-un. N\u00eb nj\u00eb konferenc\u00eb me gazetar\u00ebt, Berisha tha se Rama ka \u2018lepurin n\u00eb bark\u2019 nd\u00ebrsa shtoi se ka nisur miq\u00ebsin\u00eb me Fatmir Xhafajn.<\/p>\n<p>\u201cRama ka lepurin n\u00eb bark, po b\u00ebn miq\u00ebsi me Xhafajn se do t\u00eb ndryshoj\u00eb ligjet e p\u00ebrgjegj\u00ebsis\u00eb s\u00eb shp\u00ebrdorimit t\u00eb detyr\u00ebs. Do t\u00eb shp\u00ebtoj\u00eb menderen e tij.<\/p>\n<p>Ke dyshim ti se nuk \u00ebsht\u00eb Rama, gjahu politik i opozit\u00ebs? Kush \u00ebsht\u00eb ai q\u00eb kontrollon SPAK-in? A jam un\u00eb q\u00eb kam denoncuar l\u00ebvizjet e Dumanit apo lidhjet monstruoze t\u00eb spakist\u00ebve. Si mund t\u00eb dyshohet se nuk \u00ebsht\u00eb Rama pas k\u00ebsaj. \u00cbsht\u00eb folur vet\u00ebm p\u00ebr aksionin opozitar. Nuk kemi dyshim q\u00eb k\u00ebto jan\u00eb procese t\u00eb turpshme politike. Arben Kraja la detyr\u00ebn p\u00ebr shkak t\u00eb ligjit t\u00eb lustracionit. N\u00eb kodin m\u00eb minimal moral nuk mund t\u00eb merrte n\u00eb shqyrtim nj\u00eb \u00e7\u00ebshtje t\u00eb Berish\u00ebs. Ai e la detyr\u00ebn se un\u00eb kam b\u00ebr\u00eb ligjin p\u00ebr ish-xhelat\u00ebt e sigurimit t\u00eb shtetit t\u00eb dalin nga sistemi. Prokuror\u00ebt, ish-sigurimsa, nuk mund t\u00eb jen\u00eb n\u00eb SPAK.<\/p>\n<p>Merreni pak dosjen e Don-Lal\u00ebs, Sejdinit. Kjo mafiozja shkon dhe merr ligjin dhe m\u00eb pas keqp\u00ebrdoret. A mund t\u00eb quhet prokurore kjo? Ajo q\u00eb \u00ebsht\u00eb em\u00ebruar kryegjykat\u00ebsi sot\u2026do d\u00ebgjoni dhe p\u00ebr t\u00eb, por s\u2019jam p\u00ebr k\u00ebt\u00eb pun\u00eb sot. Arben Kraja, duke dikur q\u00eb \u00ebsht\u00eb larguar si hetues sigurimi, me nj\u00eb iniciativ\u00eb personale t\u00eb Berish\u00ebs. Po t\u00eb mos kishte ngelur ai q\u00eb ka qen\u00eb, do t\u00eb ishte. Ligji i sot\u00ebm nuk e lejon q\u00eb t\u00eb jet\u00eb n\u00eb SPAK. Ata mendojn\u00eb se do t\u00eb m\u00eb impresiojn\u00eb mua. P\u00ebr gjykat\u00ebsen kam nd\u00ebrmend ta b\u00ebj. \u00c7far\u00eb \u00ebsht\u00eb Kraja dhe Mellonai, jan\u00eb nj\u00ebra an\u00eb e fytyr\u00ebs s\u00eb Edi Ram\u00ebs\u201d, tha Berisha.<\/p>\n","protected":false},"excerpt":{"rendered":"<p>Kryetari i PD, Sali Berisha tha se, Edi Rama \u00ebsht\u00eb ai q\u00eb ka n\u00ebn kontroll SPAK-un. N\u00eb nj\u00eb konferenc\u00eb me gazetar\u00ebt, Berisha tha se Rama ka \u2018lepurin n\u00eb bark\u2019 nd\u00ebrsa shtoi se ka nisur miq\u00ebsin\u00eb me Fatmir Xhafajn. \u201cRama ka lepurin n\u00eb bark, po b\u00ebn miq\u00ebsi me Xhafajn se do t\u00eb ndryshoj\u00eb ligjet e p\u00ebrgjegj\u00ebsis\u00eb &hellip;<\/p>\n","protected":false},"author":4,"featured_media":63200,"comment_status":"open","ping_status":"open","sticky":false,"template":"","format":"standard","meta":{"footnotes":""},"categories":[37],"tags":[],"class_list":["post-63199","post","type-post","status-publish","format-standard","has-post-thumbnail","","category-politike"],"_links":{"self":[{"href":"https:\/\/rdnews.al\/index.php\/wp-json\/wp\/v2\/posts\/63199","targetHints":{"allow":["GET"]}}],"collection":[{"href":"https:\/\/rdnews.al\/index.php\/wp-json\/wp\/v2\/posts"}],"about":[{"href":"https:\/\/rdnews.al\/index.php\/wp-json\/wp\/v2\/types\/post"}],"author":[{"embeddable":true,"href":"https:\/\/rdnews.al\/index.php\/wp-json\/wp\/v2\/users\/4"}],"replies":[{"embeddable":true,"href":"https:\/\/rdnews.al\/index.php\/wp-json\/wp\/v2\/comments?post=63199"}],"version-history":[{"count":0,"href":"https:\/\/rdnews.al\/index.php\/wp-json\/wp\/v2\/posts\/63199\/revisions"}],"wp:featuredmedia":[{"embeddable":true,"href":"https:\/\/rdnews.al\/index.php\/wp-json\/wp\/v2\/media\/63200"}],"wp:attachment":[{"href":"https:\/\/rdnews.al\/index.php\/wp-json\/wp\/v2\/media?parent=63199"}],"wp:term":[{"taxonomy":"category","embeddable":true,"href":"https:\/\/rdnews.al\/index.php\/wp-json\/wp\/v2\/categories?post=63199"},{"taxonomy":"post_tag","embeddable":true,"href":"https:\/\/rdnews.al\/index.php\/wp-json\/wp\/v2\/tags?post=63199"}],"curies":[{"name":"wp","href":"https:\/\/api.w.org\/{rel}","templated":true}]}}