{"id":63212,"date":"2023-11-08T12:34:12","date_gmt":"2023-11-08T12:34:12","guid":{"rendered":"https:\/\/rdnews.al\/?p=63212"},"modified":"2023-11-08T12:34:39","modified_gmt":"2023-11-08T12:34:39","slug":"berisha-pashiqi-shqiptar-propozonte-qe-radoicicet-te-beheshin-komandante-policore-te-kosoves","status":"publish","type":"post","link":"https:\/\/rdnews.al\/index.php\/2023\/11\/08\/berisha-pashiqi-shqiptar-propozonte-qe-radoicicet-te-beheshin-komandante-policore-te-kosoves\/","title":{"rendered":"Pashiqi shqiptar propozonte q\u00eb Radoi\u00e7i\u00e7\u00ebt t\u00eb b\u00ebheshin komandant\u00eb policor\u00eb t\u00eb Kosov\u00ebs"},"content":{"rendered":"<p>Kryetari i PD, Sali Berisha foli edhe p\u00ebr Drafti i Asociacionit. Ai tha se, Pashiqi shqiptar propozonte q\u00eb Radoi\u00e7i\u00e7\u00ebt t\u00eb b\u00ebheshin komandant\u00eb policor\u00eb t\u00eb Kosov\u00ebs.<br \/>\n\u201cJu e pat\u00eb propozimin e Pashiqit p\u00ebr Kosov\u00ebn. E pat\u00eb se si Pashiqi shqiptar propozonte q\u00eb Radoi\u00e7i\u00e7\u00ebt t\u00eb b\u00ebheshin komandant\u00eb policor\u00eb t\u00eb Kosov\u00ebs. E pat\u00eb besoj? Dhe ka kuraj\u00ebn ta publikoj\u00eb edhe pasi Radoi\u00e7i\u00e7i doli udh\u00ebheq\u00ebs i nj\u00eb grupi terrorist.<br \/>\nA e dini \u00e7\u2019do t\u00eb thot\u00eb q\u00eb komandanti i policis\u00eb s\u00eb Asociacionit t\u00eb komunave t\u00eb zgjidhet nga nj\u00eb list\u00eb q\u00eb i jep Lista Serbe? A mund t\u00eb tolerohet ky Pashiq? \u00c7do dit\u00eb q\u00eb kalon, ky d\u00ebmton interesat jetike t\u00eb shqiptar\u00ebve.<br \/>\nJu kujtohet se si anuloi takimin me qeverin\u00eb e Kosov\u00ebs, si u v\u00ebrsul me t\u00ebrbim kund\u00ebr Albin Kurtit, sepse kishte dor\u00ebzuar draftin ku Radio\u00e7i\u00e7i t\u00eb em\u00ebrohej komandant i policis\u00eb s\u00eb Kosov\u00ebs. U b\u00eb mir\u00eb q\u00eb doli, se \u00e7far\u00eb b\u00ebri ky? Ky serviri si t\u00eb vetin draftin franko-gjerman.<br \/>\nN\u00eb t\u00eb v\u00ebrtet\u00eb drafti i tij- n\u00eb at\u00eb koh\u00eb un\u00eb u thash\u00eb se ishte shkruar n\u00eb Beograd, se ky nuk mund ta nxirrte kurr\u00eb vet\u00eb, por ky e faktoi vet\u00eb.<br \/>\nSe kaq \u00ebsht\u00eb ajo, t\u00eb caktohej komandant i policis\u00eb s\u00eb komunave t\u00eb Asociacionit, nj\u00ebri nga lista q\u00eb do jepte Vu\u00e7i\u00e7i. Dhe ai do jepte nj\u00eb Radio\u00e7i\u00e7. Se mos ka vet\u00ebm nj\u00eb Radio\u00e7i\u00e7 aty? Ka edhe t\u00eb tjer\u00eb terrorist\u00eb t\u00eb tjer\u00eb aty.<br \/>\nJu sugjeroj t\u00eb shkoni nj\u00ebher\u00eb n\u00eb Mitrovic\u00ebn e veriut, shkoni dhe shihni \u00e7far\u00eb ndryshimi rr\u00ebnj\u00ebsor sot. Dhe serb\u00ebt po e g\u00ebzojn\u00eb m\u00eb shum\u00eb se t\u00eb tjer\u00ebt at\u00eb ndryshim. Absolutisht. Dalin t\u00eb qet\u00eb, serb\u00ebt dhe shqiptar\u00ebt pin\u00eb kafe n\u00eb kafenet\u00eb e tyre, sh\u00ebtisin n\u00eb rrug\u00ebt e tyre.<br \/>\nNuk jan\u00eb m\u00eb bandat e Radio\u00e7i\u00e7it, Vu\u00e7i\u00e7it dhe Edi Ram\u00ebs q\u00eb b\u00ebnin trafiqe p\u00ebr llogari t\u00eb tyre.<br \/>\nDhe ky k\u00ebtu e di shum\u00eb mir\u00eb se ka informacion, sigurisht kemi ambasad\u00eb, ka informacion direkt nga autoritetet e Kosov\u00ebs, ky e quan, thot\u00eb toka e askujt, veriu i Kosov\u00ebs, n\u00eb nj\u00eb koh\u00eb kur veriu i Kosov\u00ebs \u00ebsht\u00eb toka e shtetit ligjor.<br \/>\nJo nj\u00eb, por shum\u00eb informacione nj\u00ebri pas tjetrit m\u00eb vijn\u00eb q\u00eb aty jeta \u00ebsht\u00eb normalizuar. V\u00ebrtet\u00eb ka nj\u00eb prani policore tek-tuk m\u00eb shum\u00eb se normalisht, por njer\u00ebzit rrin\u00eb t\u00eb qet\u00eb, l\u00ebvizin t\u00eb qet\u00eb, njer\u00ebzit nuk pengohen dhe popullata \u00ebsht\u00eb e k\u00ebnaqur.<br \/>\nNuk qe e rastit q\u00eb popullata serbe n\u00eb ato komuna nuk doli t\u00eb rr\u00ebmbej\u00eb arm\u00ebt. Se e dinte se ata jan\u00eb banda. Ata e shihnin dhe e shohin se po manipulohen nga nj\u00eb politikan kriminal q\u00eb e ka vendin n\u00eb Hag\u00eb si Aleksand\u00ebr Vu\u00e7i\u00e7 dhe argati i tij, Edi Rama. Beteja ndaj tij \u00ebsht\u00eb emergjenc\u00eb komb\u00ebtare\u201d, u shpreh Berisha.<\/p>\n","protected":false},"excerpt":{"rendered":"<p>Kryetari i PD, Sali Berisha foli edhe p\u00ebr Drafti i Asociacionit. Ai tha se, Pashiqi shqiptar propozonte q\u00eb Radoi\u00e7i\u00e7\u00ebt t\u00eb b\u00ebheshin komandant\u00eb policor\u00eb t\u00eb Kosov\u00ebs. \u201cJu e pat\u00eb propozimin e Pashiqit p\u00ebr Kosov\u00ebn. E pat\u00eb se si Pashiqi shqiptar propozonte q\u00eb Radoi\u00e7i\u00e7\u00ebt t\u00eb b\u00ebheshin komandant\u00eb policor\u00eb t\u00eb Kosov\u00ebs. E pat\u00eb besoj? Dhe ka kuraj\u00ebn ta &hellip;<\/p>\n","protected":false},"author":4,"featured_media":63214,"comment_status":"open","ping_status":"open","sticky":false,"template":"","format":"standard","meta":{"footnotes":""},"categories":[37],"tags":[],"class_list":["post-63212","post","type-post","status-publish","format-standard","has-post-thumbnail","","category-politike"],"_links":{"self":[{"href":"https:\/\/rdnews.al\/index.php\/wp-json\/wp\/v2\/posts\/63212","targetHints":{"allow":["GET"]}}],"collection":[{"href":"https:\/\/rdnews.al\/index.php\/wp-json\/wp\/v2\/posts"}],"about":[{"href":"https:\/\/rdnews.al\/index.php\/wp-json\/wp\/v2\/types\/post"}],"author":[{"embeddable":true,"href":"https:\/\/rdnews.al\/index.php\/wp-json\/wp\/v2\/users\/4"}],"replies":[{"embeddable":true,"href":"https:\/\/rdnews.al\/index.php\/wp-json\/wp\/v2\/comments?post=63212"}],"version-history":[{"count":0,"href":"https:\/\/rdnews.al\/index.php\/wp-json\/wp\/v2\/posts\/63212\/revisions"}],"wp:featuredmedia":[{"embeddable":true,"href":"https:\/\/rdnews.al\/index.php\/wp-json\/wp\/v2\/media\/63214"}],"wp:attachment":[{"href":"https:\/\/rdnews.al\/index.php\/wp-json\/wp\/v2\/media?parent=63212"}],"wp:term":[{"taxonomy":"category","embeddable":true,"href":"https:\/\/rdnews.al\/index.php\/wp-json\/wp\/v2\/categories?post=63212"},{"taxonomy":"post_tag","embeddable":true,"href":"https:\/\/rdnews.al\/index.php\/wp-json\/wp\/v2\/tags?post=63212"}],"curies":[{"name":"wp","href":"https:\/\/api.w.org\/{rel}","templated":true}]}}