{"id":63217,"date":"2023-11-08T13:26:00","date_gmt":"2023-11-08T13:26:00","guid":{"rendered":"https:\/\/rdnews.al\/?p=63217"},"modified":"2023-11-08T13:26:00","modified_gmt":"2023-11-08T13:26:00","slug":"amnesty-international-marreveshja-per-dergimin-e-emigranteve-ne-shqiperi-e-paligjshme-dhe-e-pazbatueshme","status":"publish","type":"post","link":"https:\/\/rdnews.al\/index.php\/2023\/11\/08\/amnesty-international-marreveshja-per-dergimin-e-emigranteve-ne-shqiperi-e-paligjshme-dhe-e-pazbatueshme\/","title":{"rendered":"Amnesty International: Marr\u00ebveshja p\u00ebr d\u00ebrgimin e emigrant\u00ebve n\u00eb Shqip\u00ebri e paligjshme dhe e pazbatueshme"},"content":{"rendered":"<p>Organizata nd\u00ebrkomb\u00ebtare p\u00ebr t\u00eb drejtat e njeriut Amnesty International thot\u00eb se: \u201cIndivid\u00ebt e shp\u00ebtuar nga autoritetet italiane n\u00eb det, p\u00ebrfshir\u00eb ata q\u00eb k\u00ebrkojn\u00eb siguri n\u00eb Evrop\u00eb, jan\u00eb n\u00ebn juridiksionin italian dhe nuk mund t\u00eb d\u00ebrgohen n\u00eb nj\u00eb vend tjet\u00ebr p\u00ebrpara se t\u00eb shqyrtohen k\u00ebrkesat e tyre p\u00ebr azil dhe rrethanat individuale\u201d.<\/p>\n<p>N\u00eb nj\u00eb reagim pas njoftimit se udh\u00ebheq\u00ebsit e Italis\u00eb dhe Shqip\u00ebris\u00eb kishin arritur nj\u00eb marr\u00ebveshje p\u00ebr nd\u00ebrtimin n\u00eb Shqip\u00ebri t\u00eb dy qendrave p\u00ebr strehimin e migrant\u00ebve t\u00eb shp\u00ebtuar n\u00eb det nga anijet italiane, zonja Elisa De Pieri, me organizat\u00ebn Amnesty International, tha se personat e shp\u00ebtuar n\u00eb det nga autoritetet italiane jan\u00eb n\u00ebn juridiksionin italian. Ajo tha se ligji \u00ebsht\u00eb shum\u00eb i thjesht\u00eb p\u00ebr t\u2019u kuptuar dhe se migrat\u00ebt nuk mund t\u00eb d\u00ebrgohen n\u00eb nj\u00eb vend tjet\u00ebr p\u00ebrpara se t\u00eb shqyrtohen k\u00ebrkesat e tyre p\u00ebr azil.<\/p>\n<p>Kjo marr\u00ebveshje ka t\u00eb b\u00ebj\u00eb me rikthimin, nj\u00eb praktik\u00eb e cila \u00ebsht\u00eb e ndaluar sipas ligjit nd\u00ebrkomb\u00ebtar dhe evropian dhe p\u00ebr t\u00eb cil\u00ebn Italia \u00ebsht\u00eb d\u00ebnuar tashm\u00eb nga Gjykata Evropiane e t\u00eb Drejtave t\u00eb Njeriut. Marr\u00ebveshja \u00ebsht\u00eb e paligjshme, e pap\u00ebrshtatshme dhe duhet t\u00eb anulohet, tha zonja Elisa De Pieri, me organizat\u00ebn Amnesty International.<\/p>\n<p>\u201cItalia pretendon se personat e ndaluar do t\u00eb mbeten n\u00ebn juridiksionin italian, por realiteti \u00ebsht\u00eb se marr\u00ebveshja do t\u00eb p\u00ebrdoret p\u00ebr t\u00eb anashkaluar ligjet e Italis\u00eb, BE-s\u00eb dhe ligjin nd\u00ebrkomb\u00ebtar. Kjo mund t\u00eb ket\u00eb pasoja shkat\u00ebrruese p\u00ebr azilk\u00ebrkuesit, t\u00eb cil\u00ebt mund t\u2019u n\u00ebnshtrohen ndalimeve t\u00eb gjata dhe shkeljeve t\u00eb tjera, jasht\u00eb kontrollit t\u00eb autoriteteve t\u00eb drejt\u00ebsis\u00eb italiane\u201d.<\/p>\n<p>Komisioni Evropian tashm\u00eb e ka b\u00ebr\u00eb t\u00eb qart\u00eb se ligji i BE-s\u00eb p\u00ebr azilin nuk mund t\u00eb zbatohet jasht\u00eb kufijve t\u00eb bllokut.<\/p>\n","protected":false},"excerpt":{"rendered":"<p>Organizata nd\u00ebrkomb\u00ebtare p\u00ebr t\u00eb drejtat e njeriut Amnesty International thot\u00eb se: \u201cIndivid\u00ebt e shp\u00ebtuar nga autoritetet italiane n\u00eb det, p\u00ebrfshir\u00eb ata q\u00eb k\u00ebrkojn\u00eb siguri n\u00eb Evrop\u00eb, jan\u00eb n\u00ebn juridiksionin italian dhe nuk mund t\u00eb d\u00ebrgohen n\u00eb nj\u00eb vend tjet\u00ebr p\u00ebrpara se t\u00eb shqyrtohen k\u00ebrkesat e tyre p\u00ebr azil dhe rrethanat individuale\u201d. N\u00eb nj\u00eb reagim pas &hellip;<\/p>\n","protected":false},"author":4,"featured_media":63135,"comment_status":"open","ping_status":"open","sticky":false,"template":"","format":"standard","meta":{"footnotes":""},"categories":[37],"tags":[],"class_list":["post-63217","post","type-post","status-publish","format-standard","has-post-thumbnail","","category-politike"],"_links":{"self":[{"href":"https:\/\/rdnews.al\/index.php\/wp-json\/wp\/v2\/posts\/63217","targetHints":{"allow":["GET"]}}],"collection":[{"href":"https:\/\/rdnews.al\/index.php\/wp-json\/wp\/v2\/posts"}],"about":[{"href":"https:\/\/rdnews.al\/index.php\/wp-json\/wp\/v2\/types\/post"}],"author":[{"embeddable":true,"href":"https:\/\/rdnews.al\/index.php\/wp-json\/wp\/v2\/users\/4"}],"replies":[{"embeddable":true,"href":"https:\/\/rdnews.al\/index.php\/wp-json\/wp\/v2\/comments?post=63217"}],"version-history":[{"count":0,"href":"https:\/\/rdnews.al\/index.php\/wp-json\/wp\/v2\/posts\/63217\/revisions"}],"wp:featuredmedia":[{"embeddable":true,"href":"https:\/\/rdnews.al\/index.php\/wp-json\/wp\/v2\/media\/63135"}],"wp:attachment":[{"href":"https:\/\/rdnews.al\/index.php\/wp-json\/wp\/v2\/media?parent=63217"}],"wp:term":[{"taxonomy":"category","embeddable":true,"href":"https:\/\/rdnews.al\/index.php\/wp-json\/wp\/v2\/categories?post=63217"},{"taxonomy":"post_tag","embeddable":true,"href":"https:\/\/rdnews.al\/index.php\/wp-json\/wp\/v2\/tags?post=63217"}],"curies":[{"name":"wp","href":"https:\/\/api.w.org\/{rel}","templated":true}]}}