{"id":63220,"date":"2023-11-08T16:16:19","date_gmt":"2023-11-08T16:16:19","guid":{"rendered":"https:\/\/rdnews.al\/?p=63220"},"modified":"2023-11-08T16:16:19","modified_gmt":"2023-11-08T16:16:19","slug":"revolta-e-malltezit-ndaj-keqperdorimit-politik-te-drejtesise","status":"publish","type":"post","link":"https:\/\/rdnews.al\/index.php\/2023\/11\/08\/revolta-e-malltezit-ndaj-keqperdorimit-politik-te-drejtesise\/","title":{"rendered":"Revolta e Malltezit ndaj keqp\u00ebrdorimit politik t\u00eb drejt\u00ebsis\u00eb"},"content":{"rendered":"<p>Jamarb\u00ebr Malltezi i drejton 8 pyetje gjykat\u00ebs Irena Gjoka, kamikazes politike t\u00eb Edi Ram\u00ebs n\u00eb Gjykat\u00ebn e Posa\u00e7me.<\/p>\n<p>Pyetjet p\u00ebr gjyqtaren Irena Gjoka:<\/p>\n<ol>\n<li><em> Pse keni shkelur ligjin?<\/em><\/li>\n<li><em> Pse shkelni t\u00eb drejtat e qytetarit?<\/em><\/li>\n<li><em> Pse m\u00eb keni mbajtur n\u00eb burg 15 dit\u00eb paligjsh\u00ebm? Ti ke detyrim ligjor. Pyes p\u00ebr paligjshm\u00ebrin\u00eb tuaj?! Zbatoni urdh\u00ebrat e Edi Ram\u00ebs ndaj nuk e ke zbardhur?!<\/em><\/li>\n<li><em> A e di veten mbi ligjin? Nj\u00eblloj si Edi Rama q\u00eb shp\u00ebrdoron detyr\u00ebn (me vendim gjykate) e nxjerr ligje e VKM me emra individual\u00eb p\u00ebr miqt\u00eb e vet?<\/em><\/li>\n<li><em> Po ju prokuror\u00eb k\u00ebshtu mbroni interesin publik? A ju nxit urrejtja ndaj pronar\u00ebve t\u00eb ligjsh\u00ebm, apo urdhri politik, q\u00eb shkelni deri t\u00eb drejtat kushtetuese?<\/em><\/li>\n<li><em> Ku qenka interesi publik q\u00eb t\u00eb burgosni nj\u00eb pronar dhe profesor q\u00eb as nuk ka rrezikshm\u00ebri fare dhe i ka mes Tiran\u00ebs pronat e fituara nga trash\u00ebgimia?<\/em><\/li>\n<li><em> Ka 7 masa kufizuese. A p\u00ebr mik, a p\u00ebr urrejtje, apo p\u00ebr urdh\u00ebr politik paskeni zgjedh m\u00eb t\u00eb r\u00ebnd\u00ebn? Se rreziku \u00ebsht\u00eb, zero meq\u00eb Rama nuk kthen sendin e vjedhur, por i vjedh p\u00ebr miqt\u00eb me VKM me em\u00ebr t\u00eb p\u00ebrve\u00e7\u00ebm.<\/em><\/li>\n<li><em> A nuk jeni n\u00eb konflikt interesi n\u00eb k\u00ebt\u00eb \u00e7\u00ebshtje, kur del se ju jeni shkarkuar p\u00ebr korrupsion n\u00eb vitin 1996, koh\u00eb kur ishte Berisha president, apo urdhri politik prevalon.<\/em><\/li>\n<\/ol>\n","protected":false},"excerpt":{"rendered":"<p>Jamarb\u00ebr Malltezi i drejton 8 pyetje gjykat\u00ebs Irena Gjoka, kamikazes politike t\u00eb Edi Ram\u00ebs n\u00eb Gjykat\u00ebn e Posa\u00e7me. Pyetjet p\u00ebr gjyqtaren Irena Gjoka: Pse keni shkelur ligjin? Pse shkelni t\u00eb drejtat e qytetarit? Pse m\u00eb keni mbajtur n\u00eb burg 15 dit\u00eb paligjsh\u00ebm? Ti ke detyrim ligjor. Pyes p\u00ebr paligjshm\u00ebrin\u00eb tuaj?! Zbatoni urdh\u00ebrat e Edi Ram\u00ebs &hellip;<\/p>\n","protected":false},"author":4,"featured_media":51326,"comment_status":"open","ping_status":"open","sticky":false,"template":"","format":"standard","meta":{"footnotes":""},"categories":[37],"tags":[],"class_list":["post-63220","post","type-post","status-publish","format-standard","has-post-thumbnail","","category-politike"],"_links":{"self":[{"href":"https:\/\/rdnews.al\/index.php\/wp-json\/wp\/v2\/posts\/63220","targetHints":{"allow":["GET"]}}],"collection":[{"href":"https:\/\/rdnews.al\/index.php\/wp-json\/wp\/v2\/posts"}],"about":[{"href":"https:\/\/rdnews.al\/index.php\/wp-json\/wp\/v2\/types\/post"}],"author":[{"embeddable":true,"href":"https:\/\/rdnews.al\/index.php\/wp-json\/wp\/v2\/users\/4"}],"replies":[{"embeddable":true,"href":"https:\/\/rdnews.al\/index.php\/wp-json\/wp\/v2\/comments?post=63220"}],"version-history":[{"count":0,"href":"https:\/\/rdnews.al\/index.php\/wp-json\/wp\/v2\/posts\/63220\/revisions"}],"wp:featuredmedia":[{"embeddable":true,"href":"https:\/\/rdnews.al\/index.php\/wp-json\/wp\/v2\/media\/51326"}],"wp:attachment":[{"href":"https:\/\/rdnews.al\/index.php\/wp-json\/wp\/v2\/media?parent=63220"}],"wp:term":[{"taxonomy":"category","embeddable":true,"href":"https:\/\/rdnews.al\/index.php\/wp-json\/wp\/v2\/categories?post=63220"},{"taxonomy":"post_tag","embeddable":true,"href":"https:\/\/rdnews.al\/index.php\/wp-json\/wp\/v2\/tags?post=63220"}],"curies":[{"name":"wp","href":"https:\/\/api.w.org\/{rel}","templated":true}]}}