{"id":63226,"date":"2023-11-08T16:39:43","date_gmt":"2023-11-08T16:39:43","guid":{"rendered":"https:\/\/rdnews.al\/?p=63226"},"modified":"2023-11-08T16:39:43","modified_gmt":"2023-11-08T16:39:43","slug":"avokati-gjokutaj-gjykata-dokumentoi-shkeljen-e-radhes","status":"publish","type":"post","link":"https:\/\/rdnews.al\/index.php\/2023\/11\/08\/avokati-gjokutaj-gjykata-dokumentoi-shkeljen-e-radhes\/","title":{"rendered":"Avokati Gjokutaj: Gjykata dokumentoi shkeljen e radh\u00ebs"},"content":{"rendered":"<p>Gjykata e Posa\u00e7me kund\u00ebr Korrupsionit dhe Krimit t\u00eb Organizuar rr\u00ebzoi k\u00ebrkes\u00ebn e avokat\u00ebve t\u00eb kryetari t\u00eb PD, Sali Berisha p\u00ebr p\u00ebrjashtimin nga seanca t\u00eb gjyqtares Irena Gjoka, k\u00ebrkes\u00eb e cila \u00ebsht\u00eb rr\u00ebzuar.<\/p>\n<p>Avokati Genc Gjokutaj theksoi gjithashtu se, gjykata ka rr\u00ebzuar k\u00ebrkes\u00ebn e tyre p\u00ebr humbjen e fuqis\u00eb s\u00eb masave p\u00ebr shkak t\u00eb tejkalimit t\u00eb afateve p\u00ebr zbardhjen e vendimit.<\/p>\n<p><strong>Gjokutaj<\/strong>: Ne k\u00ebrkuam p\u00ebrjashtimin e gjyqtares, e dyta k\u00ebrkes\u00eb. Nj\u00eb reagim krejt i ftoht\u00eb dhe nj\u00eb vendimmarrje si t\u00eb gjitha t\u00eb tjerat. Sigurisht kjo seanc\u00eb ia vlejti p\u00ebr t\u00eb dokumentuar shkeljen e radh\u00ebs s\u00eb gjykat\u00ebs. Vendimi i zbardhur na u dha sot. Imagjinoni q\u00eb vendimet jan\u00eb t\u00eb pa ekzekutuara, vendimet jan\u00eb t\u00eb pa depozituara n\u00eb sekretarin\u00eb e gjykat\u00ebs. Nd\u00ebrkoh\u00eb q\u00eb Gjykata dhe Prokuroria flisnin sikur ato vendime jan\u00eb komunikuar. Ne e konsiderojm\u00eb t\u00eb pa ekzekutuar at\u00eb vendim, pavar\u00ebsisht se k\u00ebta i q\u00ebndrojn\u00eb shkeljes. Nj\u00eb gjykat\u00eb dhe nj\u00eb prokurori q\u00eb shkel Kushtetut\u00ebn, Kodin e Procedur\u00ebs Penale e ka n\u00eb dor\u00eb t\u00eb dyt\u00eb. T\u00eb dyja k\u00ebrkesat jan\u00eb rr\u00ebzuar.<\/p>\n","protected":false},"excerpt":{"rendered":"<p>Gjykata e Posa\u00e7me kund\u00ebr Korrupsionit dhe Krimit t\u00eb Organizuar rr\u00ebzoi k\u00ebrkes\u00ebn e avokat\u00ebve t\u00eb kryetari t\u00eb PD, Sali Berisha p\u00ebr p\u00ebrjashtimin nga seanca t\u00eb gjyqtares Irena Gjoka, k\u00ebrkes\u00eb e cila \u00ebsht\u00eb rr\u00ebzuar. Avokati Genc Gjokutaj theksoi gjithashtu se, gjykata ka rr\u00ebzuar k\u00ebrkes\u00ebn e tyre p\u00ebr humbjen e fuqis\u00eb s\u00eb masave p\u00ebr shkak t\u00eb tejkalimit t\u00eb &hellip;<\/p>\n","protected":false},"author":4,"featured_media":63227,"comment_status":"open","ping_status":"open","sticky":false,"template":"","format":"standard","meta":{"footnotes":""},"categories":[37],"tags":[],"class_list":["post-63226","post","type-post","status-publish","format-standard","has-post-thumbnail","","category-politike"],"_links":{"self":[{"href":"https:\/\/rdnews.al\/index.php\/wp-json\/wp\/v2\/posts\/63226","targetHints":{"allow":["GET"]}}],"collection":[{"href":"https:\/\/rdnews.al\/index.php\/wp-json\/wp\/v2\/posts"}],"about":[{"href":"https:\/\/rdnews.al\/index.php\/wp-json\/wp\/v2\/types\/post"}],"author":[{"embeddable":true,"href":"https:\/\/rdnews.al\/index.php\/wp-json\/wp\/v2\/users\/4"}],"replies":[{"embeddable":true,"href":"https:\/\/rdnews.al\/index.php\/wp-json\/wp\/v2\/comments?post=63226"}],"version-history":[{"count":0,"href":"https:\/\/rdnews.al\/index.php\/wp-json\/wp\/v2\/posts\/63226\/revisions"}],"wp:featuredmedia":[{"embeddable":true,"href":"https:\/\/rdnews.al\/index.php\/wp-json\/wp\/v2\/media\/63227"}],"wp:attachment":[{"href":"https:\/\/rdnews.al\/index.php\/wp-json\/wp\/v2\/media?parent=63226"}],"wp:term":[{"taxonomy":"category","embeddable":true,"href":"https:\/\/rdnews.al\/index.php\/wp-json\/wp\/v2\/categories?post=63226"},{"taxonomy":"post_tag","embeddable":true,"href":"https:\/\/rdnews.al\/index.php\/wp-json\/wp\/v2\/tags?post=63226"}],"curies":[{"name":"wp","href":"https:\/\/api.w.org\/{rel}","templated":true}]}}