{"id":63231,"date":"2023-11-08T18:30:43","date_gmt":"2023-11-08T18:30:43","guid":{"rendered":"https:\/\/rdnews.al\/?p=63231"},"modified":"2023-11-08T18:30:43","modified_gmt":"2023-11-08T18:30:43","slug":"edi-rama-duhet-te-merret-urgjent-ne-ndjekje-penale-fali-territorin-e-shqiperise","status":"publish","type":"post","link":"https:\/\/rdnews.al\/index.php\/2023\/11\/08\/edi-rama-duhet-te-merret-urgjent-ne-ndjekje-penale-fali-territorin-e-shqiperise\/","title":{"rendered":"Edi Rama duhet t\u00eb merret urgjent n\u00eb ndjekje penale, fali territorin e Shqip\u00ebris\u00eb!"},"content":{"rendered":"<p><strong>Nga Petrit VASILI<\/strong><\/p>\n<p>N\u00ebnkryetari i Partis\u00eb s\u00eb Liris\u00eb, nj\u00ebkoh\u00ebsisht deputeti Petrit Vasili k\u00ebrkon marrjen n\u00ebn ndjekje penale t\u00eb Edi Ram\u00ebs, pasi ka falur territorin e Shqip\u00ebris\u00eb p\u00ebr emigrant\u00ebt e paligjsh\u00ebm.<\/p>\n<p>Reagimi i Petrit Vasilit:<\/p>\n<p>Firma e Edi Ram\u00ebs, q\u00eb i jep teritorin Italis\u00eb p\u00ebr dhjetra mijra emigrant\u00eb t\u00eb paligjsh\u00ebm \u00ebsht\u00eb nj\u00eb faj penal ekstremalisht shum\u00eb e r\u00ebnd\u00eb!<\/p>\n<p>Drejt\u00ebsia nuk ka asnj\u00eb t\u00eb drejt\u00eb q\u00eb t\u00eb vazhdoj\u00eb t\u00eb b\u00ebj\u00eb gjoja &#8220;budallain e dobish\u00ebm&#8221;.<\/p>\n<p>Drejt\u00ebsia duhet t\u00eb filloj\u00eb urgjentisht \u00e7\u00ebshtjen penale ndaj shtetasit Edi Rama, q\u00eb ka konsumuar fajin e dh\u00ebnies s\u00eb teritorit t\u00eb Republik\u00ebs s\u00eb Shqip\u00ebris\u00eb n\u00eb administrim t\u00eb nj\u00eb shteti tjet\u00ebr.<\/p>\n<p>Drejt\u00ebsia nuk mund t\u00eb b\u00ebhet bashk\u00ebtradhetare dhe t\u00eb vetasgjesohet.<\/p>\n<p>\u00c7far\u00eb pret drejt\u00ebsia q\u00eb t\u00eb filloj\u00eb kryesisht \u00e7\u00ebshtjen penale kur t\u00eb gjith\u00eb faktet dhe marr\u00ebveshja \u00ebsht\u00eb b\u00ebr\u00eb publike edhe n\u00eb mediat shqiptare.<\/p>\n<p>\u00c7far\u00eb pret drejt\u00ebsia kur Bashkimi Europian ka rezerva t\u00eb forta per ligjshmerine e saj dhe ku Amnesty International ka argumentuar qarte paligjshmerine e dhe shqetesimin e madh per kete marreveshje.<\/p>\n<p>Shkeljet e tmerrshme t\u00eb Kushtetut\u00ebs dhe Kodit Penal jane shume te qarta, firma e Edi Rames eshte ne marreveshje.<\/p>\n<p>Si mundet t\u00eb humbas\u00eb SPAK qofte edhe minute me shume per te goditur me te gjithe fuqine e ligjit k\u00ebt\u00eb paligjshmeri flagrante<\/p>\n<p>Boll m\u00eb me k\u00ebt\u00eb drejtesi bisht te qeverise dhe bunker i pandeshkueshmerise se saj.<\/p>\n<p>Boll m\u00eb me k\u00ebt\u00eb drejtesi, qe mbyll syte perpara konsumimit te veprave penale nga kryeministri, qe kulmoi deri me dhenien e teritorit te Republikes se Shqiperise nje shteti te huaj.<\/p>\n<p>Boll m\u00eb me k\u00ebt\u00eb drejt\u00ebsi, qe mbyll syte perpara firmave fap fap fap te Edi Rames, qe kane shkaktuar dem ekonomik me miliarda euro\u00a0 dhe qe kulmojne me\u00a0 faljen edhe te teritorit te Shqiperise.<\/p>\n<p>Kjo drejt\u00ebsi po hyn ne konflikt shume te eger me zbatimin e ligjit dhe po vendoset hapur kunder interesit kombetar dhe atij publik, pra qartazi kunder qytetareve.<\/p>\n<p>Edi Rama duhet t\u00eb merret i pandehur urgjent dhe drejtesia nuk mund te bishtnoj\u00eb m\u00eb.<\/p>\n","protected":false},"excerpt":{"rendered":"<p>Nga Petrit VASILI N\u00ebnkryetari i Partis\u00eb s\u00eb Liris\u00eb, nj\u00ebkoh\u00ebsisht deputeti Petrit Vasili k\u00ebrkon marrjen n\u00ebn ndjekje penale t\u00eb Edi Ram\u00ebs, pasi ka falur territorin e Shqip\u00ebris\u00eb p\u00ebr emigrant\u00ebt e paligjsh\u00ebm. Reagimi i Petrit Vasilit: Firma e Edi Ram\u00ebs, q\u00eb i jep teritorin Italis\u00eb p\u00ebr dhjetra mijra emigrant\u00eb t\u00eb paligjsh\u00ebm \u00ebsht\u00eb nj\u00eb faj penal ekstremalisht shum\u00eb &hellip;<\/p>\n","protected":false},"author":4,"featured_media":63135,"comment_status":"open","ping_status":"open","sticky":false,"template":"","format":"standard","meta":{"footnotes":""},"categories":[37],"tags":[],"class_list":["post-63231","post","type-post","status-publish","format-standard","has-post-thumbnail","","category-politike"],"_links":{"self":[{"href":"https:\/\/rdnews.al\/index.php\/wp-json\/wp\/v2\/posts\/63231","targetHints":{"allow":["GET"]}}],"collection":[{"href":"https:\/\/rdnews.al\/index.php\/wp-json\/wp\/v2\/posts"}],"about":[{"href":"https:\/\/rdnews.al\/index.php\/wp-json\/wp\/v2\/types\/post"}],"author":[{"embeddable":true,"href":"https:\/\/rdnews.al\/index.php\/wp-json\/wp\/v2\/users\/4"}],"replies":[{"embeddable":true,"href":"https:\/\/rdnews.al\/index.php\/wp-json\/wp\/v2\/comments?post=63231"}],"version-history":[{"count":0,"href":"https:\/\/rdnews.al\/index.php\/wp-json\/wp\/v2\/posts\/63231\/revisions"}],"wp:featuredmedia":[{"embeddable":true,"href":"https:\/\/rdnews.al\/index.php\/wp-json\/wp\/v2\/media\/63135"}],"wp:attachment":[{"href":"https:\/\/rdnews.al\/index.php\/wp-json\/wp\/v2\/media?parent=63231"}],"wp:term":[{"taxonomy":"category","embeddable":true,"href":"https:\/\/rdnews.al\/index.php\/wp-json\/wp\/v2\/categories?post=63231"},{"taxonomy":"post_tag","embeddable":true,"href":"https:\/\/rdnews.al\/index.php\/wp-json\/wp\/v2\/tags?post=63231"}],"curies":[{"name":"wp","href":"https:\/\/api.w.org\/{rel}","templated":true}]}}