{"id":63233,"date":"2023-11-08T18:47:51","date_gmt":"2023-11-08T18:47:51","guid":{"rendered":"https:\/\/rdnews.al\/?p=63233"},"modified":"2023-11-08T18:49:13","modified_gmt":"2023-11-08T18:49:13","slug":"intervista-e-melonit-edhe-terroriste-drejt-shqiperise-nga-italia","status":"publish","type":"post","link":"https:\/\/rdnews.al\/index.php\/2023\/11\/08\/intervista-e-melonit-edhe-terroriste-drejt-shqiperise-nga-italia\/","title":{"rendered":"Intervista e Melonit: Edhe terrorist\u00eb drejt Shqip\u00ebris\u00eb nga Italia"},"content":{"rendered":"<p>Kryeministrja e Italis\u00eb, Giorgia Meloni ka pranuar se n\u00eb mesin e dhjet\u00ebra mij\u00ebra emigrant\u00ebsh q\u00eb do t\u00eb strehohen n\u00eb Shqip\u00ebri n\u00eb baz\u00eb t\u00eb marr\u00ebveshjes m\u00eb t\u00eb fundit t\u00eb dy qeverive, mund t\u00eb fshihen edhe terrorist\u00eb.<\/p>\n<p>Gjat\u00eb nj\u00eb interviste t\u00eb dh\u00ebn\u00eb p\u00ebr gazet\u00ebn italiane \u2018Il Messagero\u2019, Kryeministrja Meloni deklaroi se nuk ka dyshim q\u00eb imigracioni i parregullt mund t\u00eb jet\u00eb vat\u00ebr p\u00ebr organizatat kriminale dhe terroriste.<\/p>\n<p>\u2018Fatkeq\u00ebsisht, ngjarjet aktuale na tregojn\u00eb se n\u00eb t\u00eb kaluar\u00ebn ata q\u00eb jan\u00eb p\u00ebrgjegj\u00ebs p\u00ebr sulmet n\u00eb Evrop\u00eb kan\u00eb zbarkuar ilegalisht n\u00eb Itali.<\/p>\n<p>Ekuacioni midis imigrimit t\u00eb parregullt dhe terrorizmit \u00ebsht\u00eb i gabuar, por nuk ka dyshim se nj\u00eb kontekst i gjer\u00eb i paligjshm\u00ebris\u00eb mund t\u00eb b\u00ebhet terren pjellor p\u00ebr organizatat kriminale, madje edhe terroriste. Kjo \u00ebsht\u00eb arsyeja pse un\u00eb gjithmon\u00eb kam th\u00ebn\u00eb se \u00e7\u00ebshtja e emigracionit \u00ebsht\u00eb gjithashtu nj\u00eb \u00e7\u00ebshtje sigurie\u2019, ka th\u00ebn\u00eb Meloni.<\/p>\n<p>M\u00eb tej gjat\u00eb intervist\u00ebs, Meloni po ashtu konfirmoi se themelet e k\u00ebsaj marr\u00ebveshje u hodh\u00ebn gjat\u00eb vizit\u00ebs s\u00eb saj k\u00ebt\u00eb ver\u00eb n\u00eb Shqip\u00ebri dhe se ajo lindi nga nj\u00eb konsiderat\u00eb e p\u00ebrbashk\u00ebt me Kryeministrin Edi Rama mbi faktin se emigracioni i jasht\u00ebligjsh\u00ebm \u00ebsht\u00eb nj\u00eb fenomen q\u00eb shtetet e BE-s\u00eb nuk mund ta p\u00ebrballojn\u00eb t\u00eb vetme.<\/p>\n<p>Shefja e qeveris\u00eb italiane po ashtu njoftoi se ka informuar Komisionin Evropian mbi akordin dhe se kjo gj\u00eb nuk shkaktoi ndonj\u00eb problem kritik.<\/p>\n","protected":false},"excerpt":{"rendered":"<p>Kryeministrja e Italis\u00eb, Giorgia Meloni ka pranuar se n\u00eb mesin e dhjet\u00ebra mij\u00ebra emigrant\u00ebsh q\u00eb do t\u00eb strehohen n\u00eb Shqip\u00ebri n\u00eb baz\u00eb t\u00eb marr\u00ebveshjes m\u00eb t\u00eb fundit t\u00eb dy qeverive, mund t\u00eb fshihen edhe terrorist\u00eb. Gjat\u00eb nj\u00eb interviste t\u00eb dh\u00ebn\u00eb p\u00ebr gazet\u00ebn italiane \u2018Il Messagero\u2019, Kryeministrja Meloni deklaroi se nuk ka dyshim q\u00eb imigracioni i &hellip;<\/p>\n","protected":false},"author":4,"featured_media":0,"comment_status":"open","ping_status":"open","sticky":false,"template":"","format":"standard","meta":{"footnotes":""},"categories":[37],"tags":[],"class_list":["post-63233","post","type-post","status-publish","format-standard","","category-politike"],"_links":{"self":[{"href":"https:\/\/rdnews.al\/index.php\/wp-json\/wp\/v2\/posts\/63233","targetHints":{"allow":["GET"]}}],"collection":[{"href":"https:\/\/rdnews.al\/index.php\/wp-json\/wp\/v2\/posts"}],"about":[{"href":"https:\/\/rdnews.al\/index.php\/wp-json\/wp\/v2\/types\/post"}],"author":[{"embeddable":true,"href":"https:\/\/rdnews.al\/index.php\/wp-json\/wp\/v2\/users\/4"}],"replies":[{"embeddable":true,"href":"https:\/\/rdnews.al\/index.php\/wp-json\/wp\/v2\/comments?post=63233"}],"version-history":[{"count":0,"href":"https:\/\/rdnews.al\/index.php\/wp-json\/wp\/v2\/posts\/63233\/revisions"}],"wp:attachment":[{"href":"https:\/\/rdnews.al\/index.php\/wp-json\/wp\/v2\/media?parent=63233"}],"wp:term":[{"taxonomy":"category","embeddable":true,"href":"https:\/\/rdnews.al\/index.php\/wp-json\/wp\/v2\/categories?post=63233"},{"taxonomy":"post_tag","embeddable":true,"href":"https:\/\/rdnews.al\/index.php\/wp-json\/wp\/v2\/tags?post=63233"}],"curies":[{"name":"wp","href":"https:\/\/api.w.org\/{rel}","templated":true}]}}