{"id":6346,"date":"2022-03-07T20:36:33","date_gmt":"2022-03-07T20:36:33","guid":{"rendered":"https:\/\/rdnews.al\/?p=6346"},"modified":"2022-03-07T20:42:34","modified_gmt":"2022-03-07T20:42:34","slug":"gjekmarkaj-braktis-bashen-jep-doreheqjen-nga-te-gjitha-funksionet","status":"publish","type":"post","link":"https:\/\/rdnews.al\/index.php\/2022\/03\/07\/gjekmarkaj-braktis-bashen-jep-doreheqjen-nga-te-gjitha-funksionet\/","title":{"rendered":"Gjekmarkaj braktis Bash\u00ebn, jep dor\u00ebheqjen nga t\u00eb gjitha funksionet"},"content":{"rendered":"<p>N\u00ebnkryetari i Partis\u00eb Demokratike Agron Gjekmarkaj ka dh\u00ebn\u00eb dor\u00ebheqjen nga t\u00eb gjitha funksionet n\u00eb Partin\u00eb Demokratike, pas humbjes s\u00eb zgjedhjeve t\u00eb 6 marsit. Lajmi \u00ebsht\u00eb konfirmuar nga burime p\u00ebr Opinion.al, ku m\u00ebsohet se n\u00eb mbledhjen e grupit ai ka k\u00ebrkuar t\u2019i hapet rruga zgjedhjeve n\u00eb parti.<\/p>\n<p>\u201cDuhet kongres pajtimi me pjes\u00ebmarrjen e t\u00eb dy rrymave ku per te mir\u00ebn e p\u00ebrgjithshme disa duhet t\u00eb b\u00ebjn\u00eb nje\u00eb hap prapa\u201d, ka th\u00ebn\u00eb Gjekmarkaj. Kujtojm\u00eb gjithashtu se Agron Gjekmarkaj mban edhe detyr\u00ebn e N\u00ebnkryetarit t\u00eb Kuvendit.<\/p>\n","protected":false},"excerpt":{"rendered":"<p>N\u00ebnkryetari i Partis\u00eb Demokratike Agron Gjekmarkaj ka dh\u00ebn\u00eb dor\u00ebheqjen nga t\u00eb gjitha funksionet n\u00eb Partin\u00eb Demokratike, pas humbjes s\u00eb zgjedhjeve t\u00eb 6 marsit. Lajmi \u00ebsht\u00eb konfirmuar nga burime p\u00ebr Opinion.al, ku m\u00ebsohet se n\u00eb mbledhjen e grupit ai ka k\u00ebrkuar t\u2019i hapet rruga zgjedhjeve n\u00eb parti. \u201cDuhet kongres pajtimi me pjes\u00ebmarrjen e t\u00eb dy rrymave &hellip;<\/p>\n","protected":false},"author":4,"featured_media":3939,"comment_status":"open","ping_status":"open","sticky":false,"template":"","format":"standard","meta":{"footnotes":""},"categories":[40],"tags":[],"class_list":["post-6346","post","type-post","status-publish","format-standard","has-post-thumbnail","","category-aktualitet"],"_links":{"self":[{"href":"https:\/\/rdnews.al\/index.php\/wp-json\/wp\/v2\/posts\/6346","targetHints":{"allow":["GET"]}}],"collection":[{"href":"https:\/\/rdnews.al\/index.php\/wp-json\/wp\/v2\/posts"}],"about":[{"href":"https:\/\/rdnews.al\/index.php\/wp-json\/wp\/v2\/types\/post"}],"author":[{"embeddable":true,"href":"https:\/\/rdnews.al\/index.php\/wp-json\/wp\/v2\/users\/4"}],"replies":[{"embeddable":true,"href":"https:\/\/rdnews.al\/index.php\/wp-json\/wp\/v2\/comments?post=6346"}],"version-history":[{"count":0,"href":"https:\/\/rdnews.al\/index.php\/wp-json\/wp\/v2\/posts\/6346\/revisions"}],"wp:featuredmedia":[{"embeddable":true,"href":"https:\/\/rdnews.al\/index.php\/wp-json\/wp\/v2\/media\/3939"}],"wp:attachment":[{"href":"https:\/\/rdnews.al\/index.php\/wp-json\/wp\/v2\/media?parent=6346"}],"wp:term":[{"taxonomy":"category","embeddable":true,"href":"https:\/\/rdnews.al\/index.php\/wp-json\/wp\/v2\/categories?post=6346"},{"taxonomy":"post_tag","embeddable":true,"href":"https:\/\/rdnews.al\/index.php\/wp-json\/wp\/v2\/tags?post=6346"}],"curies":[{"name":"wp","href":"https:\/\/api.w.org\/{rel}","templated":true}]}}