{"id":63581,"date":"2023-11-13T17:33:34","date_gmt":"2023-11-13T17:33:34","guid":{"rendered":"https:\/\/rdnews.al\/?p=63581"},"modified":"2023-11-13T17:33:34","modified_gmt":"2023-11-13T17:33:34","slug":"berisha-te-ngrihemi-sot-sic-u-ngriten-qytetaret-e-kavajes-ne-vitin-90-kunder-diktatures","status":"publish","type":"post","link":"https:\/\/rdnews.al\/index.php\/2023\/11\/13\/berisha-te-ngrihemi-sot-sic-u-ngriten-qytetaret-e-kavajes-ne-vitin-90-kunder-diktatures\/","title":{"rendered":"Berisha: T\u00eb ngrihemi sot si\u00e7 u ngrit\u00ebn qytetar\u00ebt e Kavaj\u00ebs n\u00eb vitin \u201890 kund\u00ebr diktatur\u00ebs"},"content":{"rendered":"<p>Kryetari i PD, Sali Berisha b\u00ebri thirrje nga Kavaja, t\u00eb ngrihemi sot si\u00e7 u ngrit\u00ebn qytetar\u00ebt e Kavaj\u00ebs, kund\u00ebr diktatur\u00ebs m\u00eb t\u00eb eg\u00ebr q\u00eb kishte njohur Europa. Berisha tha se, e v\u00ebrteta \u00ebsht\u00eb se grupet antikomuniste t\u00eb Kavaj\u00ebs, e \u00e7liruan Kavaj\u00ebn, shum\u00eb koh\u00eb p\u00ebrpara \u00e7do qyteti t\u00eb Shqip\u00ebris\u00eb.<br \/>\n\u201cDo ta nis k\u00ebt\u00eb fjal\u00eb me nj\u00eb thirrje zemre p\u00ebr \u00e7do qytetar t\u00eb Kavaj\u00ebs, p\u00ebr \u00e7do qytetar shqiptar, t\u00eb b\u00ebhemi kavajas t\u00eb vitit 1990. T\u00eb ngrihemi sot si\u00e7 u ngrit\u00ebn at\u00eb vit, djemt\u00eb, burrat, por e v\u00ebrteta edhe n\u00ebnat, vajzat, motrat e Kavaj\u00ebs, kund\u00ebr m\u00eb t\u00eb egr\u00ebs diktatur\u00eb q\u00eb kishte njohur Europa.<br \/>\nAta kishin p\u00ebrball\u00eb nj\u00eb parti p\u00ebrbind\u00ebshe, por ata kishin idealet e ytyre, kishin traditat e shk\u00eblqyera familjare, kishin fisnik\u00ebrin\u00eb e njeriut q\u00eb nuk shet vlerat e tij.<br \/>\nE v\u00ebrteta \u00ebsht\u00eb se grupet antikomuniste t\u00eb Kavaj\u00ebs, e \u00e7liruan Kavaj\u00ebn, shum\u00eb koh\u00eb p\u00ebrpara \u00e7do qyteti t\u00eb Shqip\u00ebris\u00eb.<br \/>\nE \u00e7liruan Kavaj\u00ebn sepse ata ishin guximtar\u00eb, sepse Josif Buda ra p\u00ebr t\u2019u b\u00ebr\u00eb i vdekur dhe skuqi rrug\u00ebt e k\u00ebtij qyteti, sepse e shnd\u00ebrruat stadiumin n\u00eb nj\u00eb fush\u00eb gladiator\u00ebsh, n\u00eb nj\u00eb p\u00ebrballje epike me diktatur\u00ebn mizore.<br \/>\nSepse ju kavajasit jo vet\u00ebm djemt\u00eb dhe burrat, por e v\u00ebrteta \u00ebsht\u00eb edhe n\u00ebnat, motrat dhe vajzat, nuk duruat, nuk pranuat t\u00eb pajtoheshin m\u00eb tutje me t\u00eb keqen.<br \/>\nU ngrit\u00ebt ju, frym\u00ebzuat Shqip\u00ebrin\u00eb dhe ndaj ju them sot k\u00ebtu, me t\u00eb keqen e madhe q\u00eb ka pllakosur Shqip\u00ebrin\u00eb pas 30 vitesh, pas nj\u00eb gjenerat\u00eb, si\u00e7 thot\u00eb n\u00eb m\u00ebnyr\u00eb profetike Ronald Regan, q\u00eb demokracis\u00eb vet\u00ebm nj\u00eb gjenerat\u00eb i duhet p\u00ebr t\u2019u zhdukur, p\u00ebr t\u2019u z\u00ebvend\u00ebsuar me diktatur\u00ebn. Dhe kjo ka ndodhur n\u00eb Shqip\u00ebri.<br \/>\nSot p\u00ebrs\u00ebri, Kavaja \u00ebsht\u00eb qyteti i shpres\u00ebs. Kavaja nuk u mposht n\u00eb kushtet m\u00eb t\u00eb egra n\u00eb zgjedhjet e fundit, ju i dhat\u00eb qytetit dhe vendit Fisnik Qosen, kryetar bashkie.<br \/>\nPor mos harroni k\u00ebtu, se kujtoj si sot, dat\u00ebn 20 shkurt, kur n\u00eb Tiran\u00eb do bahej beteja e madhe p\u00ebr t\u00eb p\u00ebrmbysur shtatoren e satanit. Mbi 1500 burra u nis\u00ebn n\u00eb k\u00ebmb\u00eb p\u00ebr t\u00eb ardhur n\u00eb Tiran\u00eb n\u00eb betej\u00eb dhe u b\u00ebn\u00eb pararoja e asaj beteje.<br \/>\nSot, \u00e7do kavajas, t\u00eb cil\u00ebt \u00e7liruan Kavaj\u00ebn, ka mision historik t\u00eb luftoj\u00eb p\u00ebr \u00e7lirimin e Shqip\u00ebris\u00eb\u201d, u shpreh Berisha.<\/p>\n","protected":false},"excerpt":{"rendered":"<p>Kryetari i PD, Sali Berisha b\u00ebri thirrje nga Kavaja, t\u00eb ngrihemi sot si\u00e7 u ngrit\u00ebn qytetar\u00ebt e Kavaj\u00ebs, kund\u00ebr diktatur\u00ebs m\u00eb t\u00eb eg\u00ebr q\u00eb kishte njohur Europa. Berisha tha se, e v\u00ebrteta \u00ebsht\u00eb se grupet antikomuniste t\u00eb Kavaj\u00ebs, e \u00e7liruan Kavaj\u00ebn, shum\u00eb koh\u00eb p\u00ebrpara \u00e7do qyteti t\u00eb Shqip\u00ebris\u00eb. \u201cDo ta nis k\u00ebt\u00eb fjal\u00eb me nj\u00eb &hellip;<\/p>\n","protected":false},"author":4,"featured_media":63582,"comment_status":"open","ping_status":"open","sticky":false,"template":"","format":"standard","meta":{"footnotes":""},"categories":[37],"tags":[],"class_list":["post-63581","post","type-post","status-publish","format-standard","has-post-thumbnail","","category-politike"],"_links":{"self":[{"href":"https:\/\/rdnews.al\/index.php\/wp-json\/wp\/v2\/posts\/63581","targetHints":{"allow":["GET"]}}],"collection":[{"href":"https:\/\/rdnews.al\/index.php\/wp-json\/wp\/v2\/posts"}],"about":[{"href":"https:\/\/rdnews.al\/index.php\/wp-json\/wp\/v2\/types\/post"}],"author":[{"embeddable":true,"href":"https:\/\/rdnews.al\/index.php\/wp-json\/wp\/v2\/users\/4"}],"replies":[{"embeddable":true,"href":"https:\/\/rdnews.al\/index.php\/wp-json\/wp\/v2\/comments?post=63581"}],"version-history":[{"count":0,"href":"https:\/\/rdnews.al\/index.php\/wp-json\/wp\/v2\/posts\/63581\/revisions"}],"wp:featuredmedia":[{"embeddable":true,"href":"https:\/\/rdnews.al\/index.php\/wp-json\/wp\/v2\/media\/63582"}],"wp:attachment":[{"href":"https:\/\/rdnews.al\/index.php\/wp-json\/wp\/v2\/media?parent=63581"}],"wp:term":[{"taxonomy":"category","embeddable":true,"href":"https:\/\/rdnews.al\/index.php\/wp-json\/wp\/v2\/categories?post=63581"},{"taxonomy":"post_tag","embeddable":true,"href":"https:\/\/rdnews.al\/index.php\/wp-json\/wp\/v2\/tags?post=63581"}],"curies":[{"name":"wp","href":"https:\/\/api.w.org\/{rel}","templated":true}]}}