{"id":63612,"date":"2023-11-13T19:03:48","date_gmt":"2023-11-13T19:03:48","guid":{"rendered":"https:\/\/rdnews.al\/?p=63612"},"modified":"2023-11-13T19:07:15","modified_gmt":"2023-11-13T19:07:15","slug":"berisha-pse-do-rama-te-marrim-emer-tjeter-ne-jemi-ne-te-drejten-e-zotit-dhe-nuk-do-pranojme-kurre","status":"publish","type":"post","link":"https:\/\/rdnews.al\/index.php\/2023\/11\/13\/berisha-pse-do-rama-te-marrim-emer-tjeter-ne-jemi-ne-te-drejten-e-zotit-dhe-nuk-do-pranojme-kurre\/","title":{"rendered":"Berisha: Pse do Rama t\u00eb marrim em\u00ebr tjet\u00ebr? Ne jemi n\u00eb t\u00eb drejt\u00ebn e Zotit dhe nuk do pranojm\u00eb kurr\u00eb!"},"content":{"rendered":"<p>Kryetari i PD, Sali Berisha tha se, pse don Edi Rama t\u00eb marrim em\u00ebr tjet\u00ebr. Jo mo, do p\u00ebrballemi me t\u00eb ne sepse ne jemi n\u00eb t\u00eb drejt\u00ebn e Zotit dhe nuk do pranojm\u00eb kurr\u00eb. Berisha tha se, emrin e nd\u00ebrrojm\u00eb vete ne, jo t\u00eb na e nd\u00ebrroj\u00eb nj\u00eb armik si Edi Rama.<br \/>\n\u201cNuk ka pasur opozit\u00eb t\u00eb ket\u00eb nj\u00eb armik me t\u00eb eg\u00ebr sesa ne Edi Ram\u00ebn. Ky shfryn ndaj nesh t\u00eb gjith\u00eb urrejtjen at\u00ebrore. T\u00eb gjith\u00eb urrejtjen e bllokmen\u00ebve mizor\u00eb.<br \/>\nKy na mori emrin, na mori vul\u00ebn. Ky nj\u00eblloj si nazist\u00ebt n\u00eb kampet e p\u00ebrqendrimit, q\u00eb u hiqnin emrat hebrenjve dhe u jepnin numra, p\u00ebr t\u2019i denatyruar, p\u00ebr t\u2019u shkat\u00ebrruar identitetin, dhe ky thot\u00eb se nuk jeni ju PD.<br \/>\nMiqt\u00eb e mi, me t\u00eb drejt\u00eb mund t\u00eb ket\u00eb pasur prej jush q\u00eb kan\u00eb menduar, po ky pse nuk gjen em\u00ebr tjet\u00ebr?<br \/>\nEm\u00ebr tjet\u00ebr?! Pse don Edi Rama t\u00eb marrim em\u00ebr tjet\u00ebr. Jo mo, do p\u00ebrballemi me t\u00eb ne. Sepse ne jemi n\u00eb t\u00eb drejt\u00ebn e Zotit dhe nuk do pranojm\u00eb kurr\u00eb.<br \/>\nKur ta nd\u00ebrrojm\u00eb emrin, e nd\u00ebrrojm\u00eb vete ne, jo t\u00eb na e nd\u00ebrroj\u00eb nj\u00eb armik si ai.<br \/>\nE v\u00ebrteta \u00ebsht\u00eb se po b\u00ebjm\u00eb p\u00ebrpjekje shum\u00eb t\u00eb m\u00ebdha dhe \u00ebsht\u00eb nj\u00eb num\u00ebr i konsideruesh\u00ebm t\u00eb rinjsh dhe personalitetesh t\u00eb shkolluar brenda dhe jasht\u00eb q\u00eb po bashkohen me PD.<br \/>\nPor, k\u00ebtu mos prisni gjith\u00e7ka nga Sali Berisha. Secili prej jush ka detyr\u00ebn e tij t\u00eb b\u00ebjn\u00eb t\u00eb nj\u00ebjt\u00ebn gj\u00eb.<br \/>\nJu s\u00eb bashku, njihni m\u00eb shum\u00eb se un\u00eb.<br \/>\nPo t\u00eb ulemi dhe t\u00eb shkruajm\u00eb k\u00ebtu tani n\u00eb nj\u00eb detyr\u00eb se k\u00eb njoh un\u00eb personalitet t\u00eb shquar, djal\u00eb, vajz\u00eb, t\u00eb zot\u00eb, q\u00eb duhet t\u00eb bashkohet me ne, un\u00eb mund t\u00eb b\u00ebj nj\u00eb list\u00eb, por ju t\u00eb gjith\u00eb s\u00eb bashku mund t\u00eb b\u00ebni nj\u00eb list\u00eb 10 her\u00eb m\u00eb t\u00eb madhe. Prandaj t\u00eb gjith\u00eb s\u00eb bashku ta rip\u00ebrt\u00ebrijm\u00eb PD-n\u00eb.<br \/>\nMos harroni se si ishim ne n\u00eb vitin 1990-1991 kur p\u00ebrballeshim? Parti e kishim emrin, por tani jemi parti, por at\u00ebher\u00eb ishim nj\u00eb l\u00ebvizje. Por kapnim nj\u00ebri-tjetrin, afronim nj\u00ebri-tjetrin. Ecnim s\u00eb bashku. Edhe tani, kjo koh\u00eb \u00ebsht\u00eb kund\u00ebr diktatur\u00ebs!\u201d, u shpreh Berisha.<\/p>\n","protected":false},"excerpt":{"rendered":"<p>Kryetari i PD, Sali Berisha tha se, pse don Edi Rama t\u00eb marrim em\u00ebr tjet\u00ebr. Jo mo, do p\u00ebrballemi me t\u00eb ne sepse ne jemi n\u00eb t\u00eb drejt\u00ebn e Zotit dhe nuk do pranojm\u00eb kurr\u00eb. Berisha tha se, emrin e nd\u00ebrrojm\u00eb vete ne, jo t\u00eb na e nd\u00ebrroj\u00eb nj\u00eb armik si Edi Rama. \u201cNuk ka &hellip;<\/p>\n","protected":false},"author":4,"featured_media":63613,"comment_status":"open","ping_status":"open","sticky":false,"template":"","format":"standard","meta":{"footnotes":""},"categories":[37],"tags":[],"class_list":["post-63612","post","type-post","status-publish","format-standard","has-post-thumbnail","","category-politike"],"_links":{"self":[{"href":"https:\/\/rdnews.al\/index.php\/wp-json\/wp\/v2\/posts\/63612","targetHints":{"allow":["GET"]}}],"collection":[{"href":"https:\/\/rdnews.al\/index.php\/wp-json\/wp\/v2\/posts"}],"about":[{"href":"https:\/\/rdnews.al\/index.php\/wp-json\/wp\/v2\/types\/post"}],"author":[{"embeddable":true,"href":"https:\/\/rdnews.al\/index.php\/wp-json\/wp\/v2\/users\/4"}],"replies":[{"embeddable":true,"href":"https:\/\/rdnews.al\/index.php\/wp-json\/wp\/v2\/comments?post=63612"}],"version-history":[{"count":0,"href":"https:\/\/rdnews.al\/index.php\/wp-json\/wp\/v2\/posts\/63612\/revisions"}],"wp:featuredmedia":[{"embeddable":true,"href":"https:\/\/rdnews.al\/index.php\/wp-json\/wp\/v2\/media\/63613"}],"wp:attachment":[{"href":"https:\/\/rdnews.al\/index.php\/wp-json\/wp\/v2\/media?parent=63612"}],"wp:term":[{"taxonomy":"category","embeddable":true,"href":"https:\/\/rdnews.al\/index.php\/wp-json\/wp\/v2\/categories?post=63612"},{"taxonomy":"post_tag","embeddable":true,"href":"https:\/\/rdnews.al\/index.php\/wp-json\/wp\/v2\/tags?post=63612"}],"curies":[{"name":"wp","href":"https:\/\/api.w.org\/{rel}","templated":true}]}}