{"id":63800,"date":"2023-11-15T11:34:09","date_gmt":"2023-11-15T11:34:09","guid":{"rendered":"https:\/\/rdnews.al\/?p=63800"},"modified":"2023-11-15T11:34:09","modified_gmt":"2023-11-15T11:34:09","slug":"shqiperia-ekipi-ne-fokus-uefa-reportazh-me-trajnerin-sylvinho","status":"publish","type":"post","link":"https:\/\/rdnews.al\/index.php\/2023\/11\/15\/shqiperia-ekipi-ne-fokus-uefa-reportazh-me-trajnerin-sylvinho\/","title":{"rendered":"\u201cShqip\u00ebria, ekipi n\u00eb fokus\u201d, UEFA reportazh me trajnerin Sylvinho"},"content":{"rendered":"<p>\u201cNj\u00eb dit\u00eb pune me Sylvinhon\u201d, n\u00eb kanalin e saj zyrtar UEFA i ka dedikuar nj\u00eb reportazh t\u00eb ve\u00e7ant\u00eb Komb\u00ebtares Shqiptare dhe trajnerit Sylvio Mendes Campos Junior. Momenti dhe edicioni kualifikues shum\u00eb i mir\u00eb i Komb\u00ebtares kuqezi, por edhe puna fantastike e teknikut brazilian nuk ka kaluar pa u v\u00ebn\u00eb re.<\/p>\n<p>Reportazhi n\u00eb faqen zyrtare t\u00eb UEFA-s nis me nj\u00eb p\u00ebrshkrim t\u00eb karrier\u00ebs s\u00eb Sylvinhos si lojtar dhe trajner q\u00eb ka kontribuar n\u00eb disa vende t\u00eb Europ\u00ebs dhe n\u00eb Brazil, vendlindjen e tij.<\/p>\n<p>Trajneri Sylvinho tregon n\u00eb kanalin zyrtar\u00eb t\u00eb UEFA-s ndjesit\u00eb si timonier i Shqip\u00ebris\u00eb dhe shton se t\u00eb p\u00ebrfaq\u00ebsosh nj\u00eb komb \u00ebsht\u00eb shum\u00eb speciale p\u00ebr lojtar\u00ebt dhe trajnerin.<\/p>\n<p>\u201cLojtar\u00ebt duhet ta shijojn\u00eb dhe t\u00eb jen\u00eb krenar\u00eb q\u00eb p\u00ebrfaq\u00ebsojn\u00eb vendin e tyre, kjo \u00ebsht\u00eb m\u00ebnyra e t\u00eb punuarit. Megjithat\u00eb kur p\u00ebrfaq\u00ebson vendin, gj\u00ebrat ndryshojn\u00eb dhe nuk \u00ebsht\u00eb e nj\u00ebjta m\u00ebnyr\u00eb tradicionale e t\u00eb punuarit. Ti e di q\u00eb ke shum\u00eb p\u00ebrgjegj\u00ebsi p\u00ebr t\u00eb luajtur dhe gjith\u00e7ka duhet t\u00eb b\u00ebhet me zem\u00ebr, sepse p\u00ebrfaq\u00ebson kombin. Kjo \u00ebsht\u00eb di\u00e7ka speciale p\u00ebr lojtar\u00ebt dhe p\u00ebr trajnerin\u201d<\/p>\n<p>Reportazhi i UEFA-s vijon me organizimin e pun\u00ebs nga trajneri Sylvinho dhe stafi i tij, nd\u00ebrtimi i programit st\u00ebrvitor, diskutime me lojtar\u00ebt ku gjithmon\u00eb mbizot\u00ebron atmosfera pozitive.<\/p>\n<p>N\u00eb vijim UEFA vler\u00ebson Shqip\u00ebrin\u00eb dhe e cil\u00ebson rrug\u00ebtimin e saj n\u00eb k\u00ebt\u00eb edicion kualifikues shum\u00eb t\u00eb mir\u00eb. Ndeshja e radh\u00ebs me Moldavin\u00eb shihet si nj\u00eb finale, pasi Shqip\u00ebria mund t\u00eb siguroj\u00eb p\u00ebr her\u00eb t\u00eb dyt\u00eb n\u00eb histori finalet e nj\u00eb turne madhor, Europianin \u201cGjermani 2024\u201d.<\/p>\n<p>N\u00eb karrier\u00ebn e tij si lojtar, Sylvinho ka luajtur n\u00ebn drejtimin e Pep Guardiol\u00ebs dhe Arsen Wenger, dy nga trajner\u00ebt m\u00eb t\u00eb mir\u00eb t\u00eb historis\u00eb. N\u00eb reportazhin e UEFA-s Sylvinho i cil\u00ebson ata si t\u00eb jasht\u00ebzakonsh\u00ebm.<\/p>\n<p>\u201cGuardiola dhe Wenger jan\u00eb t\u00eb jasht\u00ebzakonsh\u00ebm. Nuk pretendoj t\u00eb b\u00ebhem si ata. B\u00ebj pun\u00ebn time si e mendoj un\u00eb. Futbolli ka ndryshuar shum\u00eb, por un\u00eb besoj tek organizimi i nj\u00eb ekipi\u201d.<\/p>\n<p>Pjes\u00eb e reportazhit t\u00eb UEFA-s \u00ebsht\u00eb edhe Elseid Hysaj. Fillimisht mbrojt\u00ebsi kuqezi jep mendimin e tij p\u00ebr Sylvinho, duke e cil\u00ebsuar si nj\u00eb nga trajner\u00ebt e tij t\u00eb preferuar.<\/p>\n<p>\u201cE ndjek shum\u00eb, pasi \u00ebsht\u00eb nj\u00eb trajner q\u00eb na ka dh\u00ebn\u00eb shum\u00eb dhe po na ndihmon gjithmon\u00eb. \u00cbsht\u00eb shum\u00eb energjik dhe na jep shum\u00eb pozitivitet si grup. Kishim shum\u00eb nevoj\u00eb p\u00ebr k\u00ebt\u00eb, pasi kemi pasur disa koh\u00eb kur nuk kishim shum\u00eb atmosfer\u00eb pozitive si skuad\u00ebr dhe kishim nevoj\u00eb p\u00ebr nj\u00eb trajner si Sylvinho p\u00ebr t\u00eb kaluar momentin e v\u00ebshtir\u00eb. Tani \u00ebsht\u00eb padyshim nj\u00eb nga trajner\u00ebt e mi t\u00eb preferuar\u201d, shprehet Hysaj.<\/p>\n<p>Gjat\u00eb nj\u00eb bashk\u00ebbisedimi me trajnerin Sylvinho, Elseid Hysaj pyet trajnerin p\u00ebr evolucionin e rolit t\u00eb mbrojt\u00ebsit t\u00eb krahut, por edhe p\u00ebr ndryshimin mes tyre.<\/p>\n<p>\u201cKa ndryshuar disi, pasi dikur nuk ishte aq taktik. Sot ka shum\u00eb taktik\u00eb n\u00eb m\u00ebnyr\u00ebn e interpretimit t\u00eb k\u00ebtij roli. L\u00ebviz, futu brenda, largoje topin jasht\u00eb zon\u00ebs, mos e l\u00ebr t\u00eb afrohet k\u00ebtu, e t\u00eb tjera k\u00ebshilla taktike. Sigurisht taktika \u00ebsht\u00eb e r\u00ebnd\u00ebsishme, por at\u00ebher\u00eb ishte m\u00eb shum\u00eb nj\u00eb loj\u00eb kombinimesh. Ti je shum\u00eb m\u00eb agresiv dhe shum\u00eb m\u00eb i fort\u00eb fizikisht. N\u00eb duelet nj\u00eb kund\u00ebr nj\u00eb je shum\u00eb m\u00eb mir\u00eb, pasi un\u00eb nuk i preferoja shum\u00eb\u201d, shprehet Sylvinho.<\/p>\n<p>Reportazhi i UEFA-s dedikuar ecuris\u00eb fantastike t\u00eb Shqip\u00ebris\u00eb dhe trajnerit t\u00eb saj Sylvinho mbyllet me fjal\u00ebn e k\u00ebtij t\u00eb fundit, i cili thot\u00eb se n\u00eb Komb\u00ebtare \u00e7do gj\u00eb b\u00ebhet me zem\u00ebr pasi prezantojn\u00eb vendin n\u00eb aren\u00ebn Europiane dhe at\u00eb Bot\u00ebrore.<\/p>\n<p>N\u00eb fund mesazhi i Sylvinhos \u00ebsht\u00eb i qart\u00eb: Gjithmon\u00eb besoni te lojtar\u00ebt.<\/p>\n","protected":false},"excerpt":{"rendered":"<p>\u201cNj\u00eb dit\u00eb pune me Sylvinhon\u201d, n\u00eb kanalin e saj zyrtar UEFA i ka dedikuar nj\u00eb reportazh t\u00eb ve\u00e7ant\u00eb Komb\u00ebtares Shqiptare dhe trajnerit Sylvio Mendes Campos Junior. Momenti dhe edicioni kualifikues shum\u00eb i mir\u00eb i Komb\u00ebtares kuqezi, por edhe puna fantastike e teknikut brazilian nuk ka kaluar pa u v\u00ebn\u00eb re. Reportazhi n\u00eb faqen zyrtare t\u00eb &hellip;<\/p>\n","protected":false},"author":4,"featured_media":63801,"comment_status":"closed","ping_status":"closed","sticky":false,"template":"","format":"standard","meta":{"footnotes":""},"categories":[39],"tags":[],"class_list":["post-63800","post","type-post","status-publish","format-standard","has-post-thumbnail","","category-sport"],"_links":{"self":[{"href":"https:\/\/rdnews.al\/index.php\/wp-json\/wp\/v2\/posts\/63800","targetHints":{"allow":["GET"]}}],"collection":[{"href":"https:\/\/rdnews.al\/index.php\/wp-json\/wp\/v2\/posts"}],"about":[{"href":"https:\/\/rdnews.al\/index.php\/wp-json\/wp\/v2\/types\/post"}],"author":[{"embeddable":true,"href":"https:\/\/rdnews.al\/index.php\/wp-json\/wp\/v2\/users\/4"}],"replies":[{"embeddable":true,"href":"https:\/\/rdnews.al\/index.php\/wp-json\/wp\/v2\/comments?post=63800"}],"version-history":[{"count":0,"href":"https:\/\/rdnews.al\/index.php\/wp-json\/wp\/v2\/posts\/63800\/revisions"}],"wp:featuredmedia":[{"embeddable":true,"href":"https:\/\/rdnews.al\/index.php\/wp-json\/wp\/v2\/media\/63801"}],"wp:attachment":[{"href":"https:\/\/rdnews.al\/index.php\/wp-json\/wp\/v2\/media?parent=63800"}],"wp:term":[{"taxonomy":"category","embeddable":true,"href":"https:\/\/rdnews.al\/index.php\/wp-json\/wp\/v2\/categories?post=63800"},{"taxonomy":"post_tag","embeddable":true,"href":"https:\/\/rdnews.al\/index.php\/wp-json\/wp\/v2\/tags?post=63800"}],"curies":[{"name":"wp","href":"https:\/\/api.w.org\/{rel}","templated":true}]}}