{"id":63842,"date":"2023-11-15T13:34:29","date_gmt":"2023-11-15T13:34:29","guid":{"rendered":"https:\/\/rdnews.al\/?p=63842"},"modified":"2023-11-15T13:34:29","modified_gmt":"2023-11-15T13:34:29","slug":"shkresa-qe-i-eshte-drejtuar-kuvendit-nuk-kerkon-njoftimin-e-sali-berishes","status":"publish","type":"post","link":"https:\/\/rdnews.al\/index.php\/2023\/11\/15\/shkresa-qe-i-eshte-drejtuar-kuvendit-nuk-kerkon-njoftimin-e-sali-berishes\/","title":{"rendered":"Shkresa q\u00eb i \u00ebsht\u00eb drejtuar Kuvendit nuk k\u00ebrkon njoftimin e Sali Berish\u00ebs"},"content":{"rendered":"<p>Kryetari i PD, Sali Berisha ka komentuar edhe letr\u00ebn q\u00eb GJKKO i ka d\u00ebrguar Kuvendit p\u00ebr ta njoftuar at\u00eb p\u00ebr ta marr\u00eb n\u00eb pyetje lidhur me privatizimin e ish kompleksit \u201cPartizani\u201d.<\/p>\n<p>Ai p\u00ebrs\u00ebriti q\u00ebndrimin se procesi bie ndesh me kushtetut\u00ebn, teksa tha se \u00ebsht\u00eb gati t\u00eb votoj\u00eb pro, n\u00ebse kjo k\u00ebrkes\u00eb vjen n\u00eb Kuvend p\u00ebr tu votuar.<\/p>\n<p><strong>Do shkoni t\u00eb h\u00ebn\u00ebn n\u00eb gjykat\u00eb?<\/strong><\/p>\n<p>Gjykat\u00ebsja q\u00eb fshihet pas krimit t\u00eb saj deklaruan se ndalimi i udh\u00ebtimit jasht\u00eb nuk \u00ebsht\u00eb heqje lirie. Kushtetuta ka nenin 38 pika 2, q\u00eb thot\u00eb se personi nuk mund t\u00eb ndalohet t\u00eb dal\u00eb jasht\u00eb shtetit. I ndalohet me vendim gjykate, ose pasi merr vendimin nga Parlamenti. A mund t\u00eb pranoj\u00eb interpretimin e Kushtetut\u00ebs nga Gjoka dhe zuzari Kraja, apo Millonai q\u00eb p\u00ebr lidhjet obskure q\u00eb ka me Taulant Ball\u00ebn nuk njeh as ligj as Kushtetut\u00eb.<\/p>\n<p>Kjo shkres\u00eb q\u00eb i \u00ebsht\u00eb drejtuar Kuvendit, nuk k\u00ebrkon njoftimin e Sali Berish\u00ebn. Le ta shpjegoj\u00eb ajo vet\u00eb pse \u00ebsht\u00eb d\u00ebrguar n\u00eb Kuvend. Ajo \u00ebsht\u00eb person q\u00eb fshihet prapa krimit dhe \u00ebsht\u00eb e aft\u00eb t\u00eb shkruaj\u00eb \u00e7do gj\u00eb dhe t\u00eb b\u00ebj\u00eb \u00e7do gj\u00eb. Ajo duhet t\u00eb largohet p\u00ebr konflikt interesi, t\u00eb vij\u00eb n\u00eb Parlament k\u00ebrkesa p\u00ebr detyrimin tim p\u00ebr tu paraqitur dhe heqja e t\u00eb drejt\u00ebs p\u00ebr dal\u00eb jasht\u00eb shtetit dhe un\u00eb do votoj vet\u00eb p\u00ebr to.<\/p>\n<p><strong>Seanca p\u00ebr ju \u00ebsht\u00eb t\u00eb h\u00ebn\u00ebn n\u00eb or\u00ebn 9\u2026<\/strong><\/p>\n<p>Nuk e kam t\u00eb leht\u00eb un\u00eb t\u00eb vendos p\u00ebr nj\u00eb q\u00ebndrim para shtet\u00ebror. Avokat\u00ebt i kam autorizuar, u paraqit\u00ebn n\u00eb Gjykat\u00eb, i dhan\u00eb mund\u00ebsi t\u00eb shp\u00ebtonte fytyr\u00ebn gjykat\u00ebsja Gjoka, por ajo nuk pranoi. Ajo mi p\u00ebrjashtoi avokat\u00ebt dhe zgjodhi avokate at\u00eb q\u00eb i \u00e7oi Rama, at\u00eb q\u00eb kishte idhull n\u00eb bronz Enver Hoxh\u00ebn dhe n\u00eb shtrat Edi Ram\u00ebn.<\/p>\n","protected":false},"excerpt":{"rendered":"<p>Kryetari i PD, Sali Berisha ka komentuar edhe letr\u00ebn q\u00eb GJKKO i ka d\u00ebrguar Kuvendit p\u00ebr ta njoftuar at\u00eb p\u00ebr ta marr\u00eb n\u00eb pyetje lidhur me privatizimin e ish kompleksit \u201cPartizani\u201d. Ai p\u00ebrs\u00ebriti q\u00ebndrimin se procesi bie ndesh me kushtetut\u00ebn, teksa tha se \u00ebsht\u00eb gati t\u00eb votoj\u00eb pro, n\u00ebse kjo k\u00ebrkes\u00eb vjen n\u00eb Kuvend p\u00ebr &hellip;<\/p>\n","protected":false},"author":4,"featured_media":63551,"comment_status":"closed","ping_status":"closed","sticky":false,"template":"","format":"standard","meta":{"footnotes":""},"categories":[37],"tags":[],"class_list":["post-63842","post","type-post","status-publish","format-standard","has-post-thumbnail","","category-politike"],"_links":{"self":[{"href":"https:\/\/rdnews.al\/index.php\/wp-json\/wp\/v2\/posts\/63842","targetHints":{"allow":["GET"]}}],"collection":[{"href":"https:\/\/rdnews.al\/index.php\/wp-json\/wp\/v2\/posts"}],"about":[{"href":"https:\/\/rdnews.al\/index.php\/wp-json\/wp\/v2\/types\/post"}],"author":[{"embeddable":true,"href":"https:\/\/rdnews.al\/index.php\/wp-json\/wp\/v2\/users\/4"}],"replies":[{"embeddable":true,"href":"https:\/\/rdnews.al\/index.php\/wp-json\/wp\/v2\/comments?post=63842"}],"version-history":[{"count":0,"href":"https:\/\/rdnews.al\/index.php\/wp-json\/wp\/v2\/posts\/63842\/revisions"}],"wp:featuredmedia":[{"embeddable":true,"href":"https:\/\/rdnews.al\/index.php\/wp-json\/wp\/v2\/media\/63551"}],"wp:attachment":[{"href":"https:\/\/rdnews.al\/index.php\/wp-json\/wp\/v2\/media?parent=63842"}],"wp:term":[{"taxonomy":"category","embeddable":true,"href":"https:\/\/rdnews.al\/index.php\/wp-json\/wp\/v2\/categories?post=63842"},{"taxonomy":"post_tag","embeddable":true,"href":"https:\/\/rdnews.al\/index.php\/wp-json\/wp\/v2\/tags?post=63842"}],"curies":[{"name":"wp","href":"https:\/\/api.w.org\/{rel}","templated":true}]}}