{"id":63844,"date":"2023-11-15T13:39:08","date_gmt":"2023-11-15T13:39:08","guid":{"rendered":"https:\/\/rdnews.al\/?p=63844"},"modified":"2023-11-15T13:39:08","modified_gmt":"2023-11-15T13:39:08","slug":"sekuestrohet-air-albania","status":"publish","type":"post","link":"https:\/\/rdnews.al\/index.php\/2023\/11\/15\/sekuestrohet-air-albania\/","title":{"rendered":"Sekuestrohet &#8220;Air Albania&#8221;"},"content":{"rendered":"<p>Me vendim gjykate t\u00eb form\u00ebs s\u00eb prer\u00eb, kompania \u2018Air Albania\u2019 \u00ebsht\u00eb vendosur n\u00ebn sekuestro konservative.<\/p>\n<p>Sipas \u2018Top Channel\u2019, vendimi \u00ebsht\u00eb marr\u00eb nga gjykata e juridiksionit t\u00eb p\u00ebrgjithsh\u00ebm t\u00eb Tiran\u00ebs m\u00eb dat\u00eb 4 tetor pas padis\u00eb s\u00eb ngritur nga shtetasi turk, Sinan Isek.<\/p>\n<p>Isek ka ngritur pretendime ndaj kompanis\u00eb p\u00ebr mosmarrjen e pag\u00ebs s\u00eb tij. Ai ka mbajtur postin e shefit t\u00eb operacioneve t\u00eb fluturimeve, si edhe t\u00eb trajnuesit t\u00eb stafit t\u00eb kompanis\u00eb me flamur shqiptar, por ku 49 p\u00ebr qind t\u00eb aksioneve i zot\u00ebron Turkish Airlines. Vendimi p\u00ebr sekuestron e kuotave dhe aksioneve \u00ebsht\u00eb dor\u00ebzuar n\u00eb Qendr\u00ebn Komb\u00ebtare t\u00eb Biznesit m\u00eb 6 n\u00ebntor.<\/p>\n","protected":false},"excerpt":{"rendered":"<p>Me vendim gjykate t\u00eb form\u00ebs s\u00eb prer\u00eb, kompania \u2018Air Albania\u2019 \u00ebsht\u00eb vendosur n\u00ebn sekuestro konservative. Sipas \u2018Top Channel\u2019, vendimi \u00ebsht\u00eb marr\u00eb nga gjykata e juridiksionit t\u00eb p\u00ebrgjithsh\u00ebm t\u00eb Tiran\u00ebs m\u00eb dat\u00eb 4 tetor pas padis\u00eb s\u00eb ngritur nga shtetasi turk, Sinan Isek. Isek ka ngritur pretendime ndaj kompanis\u00eb p\u00ebr mosmarrjen e pag\u00ebs s\u00eb tij. Ai &hellip;<\/p>\n","protected":false},"author":4,"featured_media":0,"comment_status":"closed","ping_status":"closed","sticky":false,"template":"","format":"standard","meta":{"footnotes":""},"categories":[37],"tags":[],"class_list":["post-63844","post","type-post","status-publish","format-standard","","category-politike"],"_links":{"self":[{"href":"https:\/\/rdnews.al\/index.php\/wp-json\/wp\/v2\/posts\/63844","targetHints":{"allow":["GET"]}}],"collection":[{"href":"https:\/\/rdnews.al\/index.php\/wp-json\/wp\/v2\/posts"}],"about":[{"href":"https:\/\/rdnews.al\/index.php\/wp-json\/wp\/v2\/types\/post"}],"author":[{"embeddable":true,"href":"https:\/\/rdnews.al\/index.php\/wp-json\/wp\/v2\/users\/4"}],"replies":[{"embeddable":true,"href":"https:\/\/rdnews.al\/index.php\/wp-json\/wp\/v2\/comments?post=63844"}],"version-history":[{"count":0,"href":"https:\/\/rdnews.al\/index.php\/wp-json\/wp\/v2\/posts\/63844\/revisions"}],"wp:attachment":[{"href":"https:\/\/rdnews.al\/index.php\/wp-json\/wp\/v2\/media?parent=63844"}],"wp:term":[{"taxonomy":"category","embeddable":true,"href":"https:\/\/rdnews.al\/index.php\/wp-json\/wp\/v2\/categories?post=63844"},{"taxonomy":"post_tag","embeddable":true,"href":"https:\/\/rdnews.al\/index.php\/wp-json\/wp\/v2\/tags?post=63844"}],"curies":[{"name":"wp","href":"https:\/\/api.w.org\/{rel}","templated":true}]}}