{"id":63856,"date":"2023-11-15T16:32:23","date_gmt":"2023-11-15T16:32:23","guid":{"rendered":"https:\/\/rdnews.al\/?p=63856"},"modified":"2023-11-15T16:32:23","modified_gmt":"2023-11-15T16:32:23","slug":"kryebashkiaket-e-opozites-burgosen-politikisht-ata-te-rames-rrine-ne-detyre-edhe-pse-jane-te-denuar","status":"publish","type":"post","link":"https:\/\/rdnews.al\/index.php\/2023\/11\/15\/kryebashkiaket-e-opozites-burgosen-politikisht-ata-te-rames-rrine-ne-detyre-edhe-pse-jane-te-denuar\/","title":{"rendered":"Kryebashkiak\u00ebt e opozit\u00ebs burgosen politikisht, ata t\u00eb Ram\u00ebs rrin\u00eb n\u00eb detyr\u00eb edhe pse jan\u00eb t\u00eb d\u00ebnuar"},"content":{"rendered":"<p>Sekretari p\u00ebr \u00c7\u00ebshtjet Ligjore n\u00eb PD, Ivi Kaso me an\u00eb t\u00eb nj\u00eb deklarate p\u00ebr mediat, ka ngritur alarmin se, si institucionet nuk i prekin njer\u00ebzit e Edi Ram\u00ebs, nd\u00ebrsa kryebashkiak\u00ebt e opozit\u00ebs, arrestohen politikisht.<\/p>\n<p>Deklarata e Kasos u b\u00eb pas vendimit t\u00eb KQZ-s\u00eb, p\u00ebr t\u00eb mos i nd\u00ebrprer\u00eb mandatin kryebashkiakut t\u00eb Ku\u00e7ov\u00ebs, Kreshnik Hajdari, i d\u00ebnuar n\u00eb Greqi, vendim t\u00eb cilin nuk e kishte t\u00eb deklaruar.<\/p>\n<p><strong>Deklarata e Sekretarit p\u00ebr \u00c7\u00ebshtjet Ligjore n\u00eb PD, Ivi Kaso<\/strong><\/p>\n<p>Vendimi i djesh\u00ebm i KQZ p\u00ebr t\u00eb falur nj\u00eb tjet\u00ebr zyrtar t\u00eb Edi Ram\u00ebs me d\u00ebnime t\u00eb m\u00ebparshme, dhe p\u00ebr ta trajtuar dekriminalizimin si nj\u00eb ligj fakultativ, \u00ebsht\u00eb nj\u00eb tjet\u00ebr prov\u00eb se institucionet kan\u00eb r\u00ebn\u00eb.<\/p>\n<p>Kryebashkiaku i Ku\u00e7ov\u00ebs, i zgjedhur n\u00ebp\u00ebrmjet nj\u00eb procesi elektoral fars\u00eb, ka fituar dje pa t\u00eb drejt\u00eb n\u00eb nj\u00eb proces t\u00eb dyt\u00eb fars\u00eb, fal\u00eb Komisionit Qendror t\u00eb Zgjedhjeve. Kjo edhe pse, sipas ligjit, nuk ka deklaruar n\u00eb formularin e dekriminalizimit nj\u00eb d\u00ebnim t\u00eb marr\u00eb n\u00eb Greqi.<\/p>\n<p>Mb\u00ebrritja e dokumentacionit nga shteti grek ka qart\u00ebsuar m\u00eb n\u00eb fund dilem\u00ebn n\u00ebse akuza ndaj kreut t\u00eb Ku\u00e7ov\u00ebs ishte politike ose jo. Me letra t\u00eb nj\u00eb shteti tjet\u00ebr ai \u00ebsht\u00eb nj\u00eb i d\u00ebnuar dhe si i till\u00eb, minimalisht duhet ta deklaronte k\u00ebt\u00eb para kandidimit n\u00eb formularin e dekriminalizimit.<\/p>\n<p>Sigurisht, p\u00ebr qeverin\u00eb rr\u00ebzimi i nj\u00eb tjet\u00ebr kryebashkiaku, pas atij t\u00eb Kuk\u00ebsit dhe t\u00eb Rrogozhin\u00ebs, do ishte nj\u00eb lajm i keq. Kjo nuk mund t\u00eb lejohej dhe kjo ndodhi.<\/p>\n<p>KQZ iu p\u00ebrgjigj nevoj\u00ebs s\u00eb kryeministrit duke e anashkaluar nj\u00eb fakt kok\u00ebfort\u00eb q\u00eb ka vlejtur p\u00ebr kandidat\u00ebt e tjer\u00eb, por jo p\u00ebr t\u00eb Ku\u00e7ov\u00ebs.<\/p>\n<p>Partia Demokratike p\u00ebrs\u00ebrit alarmin se kryebashkiak\u00ebt e opozit\u00ebs burgosen politikisht dhe ata t\u00eb qeveris\u00eb, edhe pse jan\u00eb d\u00ebnuar e mbajn\u00eb detyr\u00ebn, por thekson se ora e drejt\u00ebsis\u00eb gjithmon\u00eb mb\u00ebrrin.<\/p>\n<p>Ne e dim\u00eb se fytyra e v\u00ebrtet\u00eb e pushtetit t\u00eb korruptuar demonstrohet me persekutimin e kund\u00ebrshtarit dhe marrjen peng t\u00eb institucioneve t\u00eb shtetit.<\/p>\n<p>Rasti i Ku\u00e7ov\u00ebs \u00ebsht\u00eb nj\u00eb vjedhje e dyfisht\u00eb publike. N\u00eb fillim vidhen dhe manipulohen votat dhe her\u00ebn e dyt\u00eb ligjet e shtetit.<\/p>\n<p>Raporti i zgjedhjeve t\u00eb OSBE-ODHIR e ka qart\u00ebsuar tashm\u00eb se si u zhvilluan dhe si u fituan zgjedhjet e 14 majit.<\/p>\n<p>Partia Demokratike thekson se pa zgjedhje t\u00eb lira, nuk ka zgjidhje.<\/p>\n","protected":false},"excerpt":{"rendered":"<p>Sekretari p\u00ebr \u00c7\u00ebshtjet Ligjore n\u00eb PD, Ivi Kaso me an\u00eb t\u00eb nj\u00eb deklarate p\u00ebr mediat, ka ngritur alarmin se, si institucionet nuk i prekin njer\u00ebzit e Edi Ram\u00ebs, nd\u00ebrsa kryebashkiak\u00ebt e opozit\u00ebs, arrestohen politikisht. Deklarata e Kasos u b\u00eb pas vendimit t\u00eb KQZ-s\u00eb, p\u00ebr t\u00eb mos i nd\u00ebrprer\u00eb mandatin kryebashkiakut t\u00eb Ku\u00e7ov\u00ebs, Kreshnik Hajdari, i &hellip;<\/p>\n","protected":false},"author":4,"featured_media":0,"comment_status":"closed","ping_status":"closed","sticky":false,"template":"","format":"standard","meta":{"footnotes":""},"categories":[37],"tags":[],"class_list":["post-63856","post","type-post","status-publish","format-standard","","category-politike"],"_links":{"self":[{"href":"https:\/\/rdnews.al\/index.php\/wp-json\/wp\/v2\/posts\/63856","targetHints":{"allow":["GET"]}}],"collection":[{"href":"https:\/\/rdnews.al\/index.php\/wp-json\/wp\/v2\/posts"}],"about":[{"href":"https:\/\/rdnews.al\/index.php\/wp-json\/wp\/v2\/types\/post"}],"author":[{"embeddable":true,"href":"https:\/\/rdnews.al\/index.php\/wp-json\/wp\/v2\/users\/4"}],"replies":[{"embeddable":true,"href":"https:\/\/rdnews.al\/index.php\/wp-json\/wp\/v2\/comments?post=63856"}],"version-history":[{"count":0,"href":"https:\/\/rdnews.al\/index.php\/wp-json\/wp\/v2\/posts\/63856\/revisions"}],"wp:attachment":[{"href":"https:\/\/rdnews.al\/index.php\/wp-json\/wp\/v2\/media?parent=63856"}],"wp:term":[{"taxonomy":"category","embeddable":true,"href":"https:\/\/rdnews.al\/index.php\/wp-json\/wp\/v2\/categories?post=63856"},{"taxonomy":"post_tag","embeddable":true,"href":"https:\/\/rdnews.al\/index.php\/wp-json\/wp\/v2\/tags?post=63856"}],"curies":[{"name":"wp","href":"https:\/\/api.w.org\/{rel}","templated":true}]}}