{"id":63862,"date":"2023-11-15T16:45:12","date_gmt":"2023-11-15T16:45:12","guid":{"rendered":"https:\/\/rdnews.al\/?p=63862"},"modified":"2023-11-15T16:45:12","modified_gmt":"2023-11-15T16:45:12","slug":"berisha-fondi-qe-rama-do-tu-jape-ppp-ve-eshte-me-i-madh-se-i-gjithe-fondi-i-rritjes-se-rrogave-dhe-pensioneve","status":"publish","type":"post","link":"https:\/\/rdnews.al\/index.php\/2023\/11\/15\/berisha-fondi-qe-rama-do-tu-jape-ppp-ve-eshte-me-i-madh-se-i-gjithe-fondi-i-rritjes-se-rrogave-dhe-pensioneve\/","title":{"rendered":"Berisha: Fondi q\u00eb Rama do t\u2019u jap\u00eb PPP-ve \u00ebsht\u00eb m\u00eb i madh se i gjith\u00eb fondi i rritjes s\u00eb rrogave dhe pensioneve"},"content":{"rendered":"<p>Kryetari i PD, Sali Berisha akuzoi kryeministrin Edi Rama, se me buxhetin e vitit 2024 do u jap\u00eb PPP-ve fondin m\u00eb t\u00eb madh se i gjith\u00eb fondi p\u00ebr rritjen e pagave dhe pensioneve. Gjat\u00eb tryez\u00ebs p\u00ebr buxhetin, Berisha theksoi se fondi p\u00ebr PPP-t\u00eb \u00ebsht\u00eb tre her\u00eb m\u00eb i madh se fondi i ndihm\u00ebs ekonomike, ku sipas tij qeveria e ka ulur numrin e personave me ndihm\u00eb ekonomike n\u00eb 64 mij\u00eb.<\/p>\n<p>\u201cKy \u00ebsht\u00eb buxheti i vjedhjes m\u00eb t\u00eb madhe n\u00eb histori, sepse p\u00ebrve\u00e7 400 mln eurove q\u00eb i p\u00ebrkushtohen pasurimit p\u00ebrrallor t\u00eb Edi Ram\u00ebs dhe klanit t\u00eb tij, jan\u00eb rreth 140 mln euro t\u00eb tjera q\u00eb u p\u00ebrkushtohen p\u00ebrs\u00ebri, PPP-ve t\u00eb Edi Ram\u00ebs me bot\u00ebn e krimit.<\/p>\n<p>P\u00ebrs\u00ebri taksapaguesit tan\u00eb duhet t\u00eb paguajn\u00eb p\u00ebr sterizilimin, i cili u kushton 83 her\u00eb m\u00eb shum\u00eb se\u00e7 kushtonte para k\u00ebtij partneriteti. Duke marr\u00eb vet\u00eb, sepse pas kompanis\u00eb \u00ebsht\u00eb Rama e Beqaj, duke marr\u00eb pajisjet e blera ultramoderne nga institucioni i sh\u00ebndet\u00ebsis\u00eb, sterilizator i fjal\u00ebs s\u00eb fundit, nd\u00ebrtesa t\u00eb reja dhe si d\u00ebnim duhet t\u00eb paguajn\u00eb 83 her\u00eb m\u00eb shum\u00eb.<\/p>\n<p>Nuk ndodh vet\u00ebm se duhet t\u00eb paguhen 83 her\u00eb m\u00eb shum\u00eb, por ndodh se mij\u00ebra shqiptar\u00eb nuk mund t\u00eb operohen sepse spitalet nuk kan\u00eb fonde p\u00ebr t\u00eb paguar setet e operacionit, kriminel\u00ebve barbar\u00eb si Rama, Beqaj dhe ata q\u00eb ekzekutojn\u00eb k\u00ebt\u00eb operacion kriminal. Nuk kan\u00eb fonde.<\/p>\n<p>\u00c7far\u00eb ndodh? Ndodh se check up, i bashk\u00ebshortes s\u00eb kush\u00ebririt t\u00eb Ram\u00ebs, Vilma Nushi, se \u00ebsht\u00eb dhe grua, por do ti thoja shum\u00eb gj\u00ebra sot, shpenzon qindra milion\u00eb dhe regjistron dhjet\u00ebra mij\u00ebra njer\u00ebz q\u00eb jan\u00eb ndar\u00eb nga jeta prej shum\u00eb vitesh, emigrant\u00eb q\u00eb kan\u00eb l\u00ebn\u00eb Shqip\u00ebrin\u00eb prej vitesh t\u00eb t\u00ebra dhe k\u00ebto jan\u00eb t\u00eb gjith\u00eb d\u00ebshmi e KLSH-s\u00eb, jan\u00eb zyrtare.<\/p>\n<p>Dhe k\u00ebto konstatime jan\u00eb vet\u00ebm maja e ajsbergut, sepse komisioni normal nuk mund t\u00eb ket\u00eb nj\u00eb audit \u2018in ekstenso\u2019, por natyrisht me ato kapacitet q\u00eb ka merr disa mostra q\u00eb i shqyrton.<\/p>\n<p>K\u00ebshtu jan\u00eb koncesionet e tjera, por nj\u00eb gj\u00eb, me PPP me t\u00eb cilat ndan parat\u00eb Edi Rama, fondi i tyre k\u00ebt\u00eb vit \u00ebsht\u00eb m\u00eb i madh se i gjith\u00eb fondi i rritjes s\u00eb rrogave dhe pensioneve p\u00ebr shqiptar\u00ebt. \u00cbsht\u00eb 3 her\u00eb m\u00eb i madhe se fondi i ndihm\u00ebs ekonomike.<\/p>\n<p>Imagjinoni se ku kan\u00eb arritur. Kan\u00eb katandisur n\u00eb 64 mij\u00eb persona, ndihm\u00ebn ekonomike.<\/p>\n<p>Ju garantoj se Shqi\u00ebpria sot n\u00eb t\u00eb gjith\u00eb kriteret m\u00eb minimale, ka dhe duhet t\u00eb ket\u00eb t\u00eb pakt\u00ebn 200 mij\u00eb persona n\u00eb ndihm\u00eb ekonomike.<\/p>\n<p>Shqip\u00ebria ka plot\u00ebsisht t\u00eb gjitha mund\u00ebsit\u00eb p\u00ebr ta shtrir\u00eb k\u00ebt\u00eb ndihm\u00eb ekonomike n\u00eb 200 mij\u00eb persona.<\/p>\n<p>Shqip\u00ebria ka \u00e7do mund\u00ebsi sot p\u00ebr t\u00eb shp\u00ebrndar\u00eb, p\u00ebr t\u00eb vendosur minimumin jetik prej 200 eurosh. N\u00ebse Shqip\u00ebria nuk \u00e7on buxhetin p\u00ebr nd\u00ebrtimin e portit q\u00eb mbyll Edi Rama, ato para dalin e teprojn\u00eb jo p\u00ebr 200 por edhe 300 euro p\u00ebr t\u00eb b\u00ebr\u00eb minimumin e shqiptar\u00ebve\u201d, u shpreh Berisha.<\/p>\n","protected":false},"excerpt":{"rendered":"<p>Kryetari i PD, Sali Berisha akuzoi kryeministrin Edi Rama, se me buxhetin e vitit 2024 do u jap\u00eb PPP-ve fondin m\u00eb t\u00eb madh se i gjith\u00eb fondi p\u00ebr rritjen e pagave dhe pensioneve. Gjat\u00eb tryez\u00ebs p\u00ebr buxhetin, Berisha theksoi se fondi p\u00ebr PPP-t\u00eb \u00ebsht\u00eb tre her\u00eb m\u00eb i madh se fondi i ndihm\u00ebs ekonomike, ku &hellip;<\/p>\n","protected":false},"author":4,"featured_media":63863,"comment_status":"closed","ping_status":"closed","sticky":false,"template":"","format":"standard","meta":{"footnotes":""},"categories":[37],"tags":[],"class_list":["post-63862","post","type-post","status-publish","format-standard","has-post-thumbnail","","category-politike"],"_links":{"self":[{"href":"https:\/\/rdnews.al\/index.php\/wp-json\/wp\/v2\/posts\/63862","targetHints":{"allow":["GET"]}}],"collection":[{"href":"https:\/\/rdnews.al\/index.php\/wp-json\/wp\/v2\/posts"}],"about":[{"href":"https:\/\/rdnews.al\/index.php\/wp-json\/wp\/v2\/types\/post"}],"author":[{"embeddable":true,"href":"https:\/\/rdnews.al\/index.php\/wp-json\/wp\/v2\/users\/4"}],"replies":[{"embeddable":true,"href":"https:\/\/rdnews.al\/index.php\/wp-json\/wp\/v2\/comments?post=63862"}],"version-history":[{"count":0,"href":"https:\/\/rdnews.al\/index.php\/wp-json\/wp\/v2\/posts\/63862\/revisions"}],"wp:featuredmedia":[{"embeddable":true,"href":"https:\/\/rdnews.al\/index.php\/wp-json\/wp\/v2\/media\/63863"}],"wp:attachment":[{"href":"https:\/\/rdnews.al\/index.php\/wp-json\/wp\/v2\/media?parent=63862"}],"wp:term":[{"taxonomy":"category","embeddable":true,"href":"https:\/\/rdnews.al\/index.php\/wp-json\/wp\/v2\/categories?post=63862"},{"taxonomy":"post_tag","embeddable":true,"href":"https:\/\/rdnews.al\/index.php\/wp-json\/wp\/v2\/tags?post=63862"}],"curies":[{"name":"wp","href":"https:\/\/api.w.org\/{rel}","templated":true}]}}