{"id":63883,"date":"2023-11-15T17:29:14","date_gmt":"2023-11-15T17:29:14","guid":{"rendered":"https:\/\/rdnews.al\/?p=63883"},"modified":"2023-11-15T17:29:14","modified_gmt":"2023-11-15T17:29:14","slug":"berisha-qytetaret-gjobiten-per-arsimin-shendetesine-transportin-dhe-kudo","status":"publish","type":"post","link":"https:\/\/rdnews.al\/index.php\/2023\/11\/15\/berisha-qytetaret-gjobiten-per-arsimin-shendetesine-transportin-dhe-kudo\/","title":{"rendered":"Berisha: Qytetar\u00ebt gjobiten p\u00ebr arsimin, sh\u00ebndet\u00ebsin\u00eb, transportin dhe kudo!"},"content":{"rendered":"<p>Kryetari i PD, Sali Berisha tha se, shqiptar\u00ebt vidhen, por edhe gjobiten n\u00eb m\u00ebnyr\u00eb t\u00eb tmerrshme p\u00ebr sh\u00ebrbimin sh\u00ebndet\u00ebsor, gjobiten p\u00ebr arsimin, p\u00ebr transportin. Ai tha se, sot shqiptar\u00ebt shkollojn\u00eb f\u00ebmij\u00ebt e tyre n\u00eb Shqip\u00ebri me tarifa 3-4 her\u00eb m\u00eb t\u00eb larta se po t\u2019i shkollonin n\u00eb Austri apo Gjermani.<br \/>\n\u201cFaleminderit p\u00ebr nd\u00ebrhyrjet, me t\u00eb cilat hodh\u00ebt drit\u00eb mbi aspekte t\u00eb ndryshme t\u00eb k\u00ebtij buxheti, i cili i par\u00eb me realiz\u00ebm \u00ebsht\u00eb jo vet\u00ebm buxheti i vjedhjes m\u00eb t\u00eb madhe t\u00eb shqiptar\u00ebve, por fatkeq\u00ebsisht edhe i gjobitjes s\u00eb tyre m\u00eb t\u00eb madhe.<br \/>\nPo t\u00eb kemi parasysh barr\u00ebn q\u00eb u krijon p\u00ebr shpenzimet sh\u00ebndet\u00ebsore, p\u00ebr shkollimin, k\u00ebto jan\u00eb nj\u00eb barr\u00eb n\u00eb rritje q\u00eb vjen nga viti n\u00eb vit, n\u00eb nj\u00eb koh\u00eb kur kjo barr\u00eb, n\u00eb vendet e tjera \u00ebsht\u00eb 4-5 her\u00eb m\u00eb e ul\u00ebt se n\u00eb Shqip\u00ebri.<br \/>\nSot, shqiptar\u00ebt shkollojn\u00eb f\u00ebmij\u00ebt e tyre n\u00eb Shqip\u00ebri me tarifa 3-4 her\u00eb m\u00eb t\u00eb larta se po t\u2019i shkollonin n\u00eb Austri apo Gjermani. A mund t\u00eb imagjinohet kjo?<br \/>\nSot shqiptar\u00ebt, paguajn\u00eb p\u00ebr f\u00ebmij\u00ebt e tyre, q\u00eb shkollohen n\u00eb Tiran\u00eb, qirat\u00eb t\u00eb tretat m\u00eb t\u00eb lartat n\u00eb Europ\u00eb pas Parisit dhe Mynihut.<br \/>\nDoktor Tritani e tha, t\u00eb paguash 50 p\u00ebrqind nga xhepi, dhe absolutisht \u00ebsht\u00eb aq dhe m\u00eb shum\u00eb, p\u00ebr kujdesin sh\u00ebndet\u00ebsor, \u00ebsht\u00eb nj\u00eb pamund\u00ebsi reale p\u00ebr t\u00eb p\u00ebrballuar problemet q\u00eb krijon s\u00ebmundja p\u00ebr sh\u00ebndetin t\u00ebnd.<br \/>\nPra, detyrohesh ta p\u00ebrballosh shkel e shko, ta p\u00ebrballosh pjes\u00ebrisht dhe t\u00eb mos sigurosh sh\u00ebrbimet dhe ila\u00e7et q\u00eb meriton n\u00eb t\u00ebr\u00ebsi.<br \/>\nSpitalet kan\u00eb nj\u00eb degradim ekstrem. N\u00eb kuptimin e asaj q\u00eb spitali publik t\u00eb diagnostikon, por sot mbetesh n\u00eb m\u00ebshir\u00eb t\u00eb fatit gjer t\u00eb nes\u00ebrmen n\u00eb urgjenc\u00eb, p\u00ebr t\u00eb hequr trombin ose p\u00ebr t\u00eb b\u00ebr\u00eb nd\u00ebrhyrjen q\u00eb k\u00ebrkojn\u00eb ta b\u00ebjn\u00eb n\u00eb sektorin privat. Nuk ndodh n\u00eb asnj\u00eb vend. Kjo ndodh vet\u00ebm n\u00eb Shqip\u00ebri.<br \/>\nShqiptar\u00ebt vidhen, por edhe gjobiten n\u00eb m\u00ebnyr\u00eb t\u00eb tmerrshme p\u00ebr sh\u00ebrbimin sh\u00ebndet\u00ebsor, gjobiten p\u00ebr arsimin q\u00eb duhet t\u00eb paguajn\u00eb.<br \/>\nGjobiten n\u00eb transport e kudo, p\u00ebr arsye se qeveria me politikat q\u00eb ndjek, garanton \u00e7mimet m\u00eb t\u00eb larta n\u00eb bot\u00eb p\u00ebr naft\u00ebn. Pa diskutim q\u00eb ka spekulim t\u00eb madh nga tregtar\u00ebt, por e v\u00ebrteta \u00ebsht\u00eb se qeveria i ngarkon ata me at\u00eb taks\u00eb me t\u00eb cil\u00ebn shiten n\u00eb pomp\u00eb benzina apo nafta.<br \/>\nKjo \u00ebsht\u00eb nj\u00eb mend\u00ebsi e hajdutit, ta themi haptas. Se po t\u00eb them komuniste, edhe ashtu \u00ebsht\u00eb, q\u00eb k\u00ebtyre q\u00eb kan\u00eb, t\u2019ia kthejm\u00eb xhepat. Se pse k\u00ebta kan\u00eb, se kan\u00eb nj\u00eb vetur\u00eb. Po kjo \u00ebsht\u00eb nj\u00eb filozofi hajduti\u201d, u shpreh Berisha.<\/p>\n","protected":false},"excerpt":{"rendered":"<p>Kryetari i PD, Sali Berisha tha se, shqiptar\u00ebt vidhen, por edhe gjobiten n\u00eb m\u00ebnyr\u00eb t\u00eb tmerrshme p\u00ebr sh\u00ebrbimin sh\u00ebndet\u00ebsor, gjobiten p\u00ebr arsimin, p\u00ebr transportin. Ai tha se, sot shqiptar\u00ebt shkollojn\u00eb f\u00ebmij\u00ebt e tyre n\u00eb Shqip\u00ebri me tarifa 3-4 her\u00eb m\u00eb t\u00eb larta se po t\u2019i shkollonin n\u00eb Austri apo Gjermani. \u201cFaleminderit p\u00ebr nd\u00ebrhyrjet, me t\u00eb &hellip;<\/p>\n","protected":false},"author":4,"featured_media":63884,"comment_status":"closed","ping_status":"closed","sticky":false,"template":"","format":"standard","meta":{"footnotes":""},"categories":[37],"tags":[],"class_list":["post-63883","post","type-post","status-publish","format-standard","has-post-thumbnail","","category-politike"],"_links":{"self":[{"href":"https:\/\/rdnews.al\/index.php\/wp-json\/wp\/v2\/posts\/63883","targetHints":{"allow":["GET"]}}],"collection":[{"href":"https:\/\/rdnews.al\/index.php\/wp-json\/wp\/v2\/posts"}],"about":[{"href":"https:\/\/rdnews.al\/index.php\/wp-json\/wp\/v2\/types\/post"}],"author":[{"embeddable":true,"href":"https:\/\/rdnews.al\/index.php\/wp-json\/wp\/v2\/users\/4"}],"replies":[{"embeddable":true,"href":"https:\/\/rdnews.al\/index.php\/wp-json\/wp\/v2\/comments?post=63883"}],"version-history":[{"count":0,"href":"https:\/\/rdnews.al\/index.php\/wp-json\/wp\/v2\/posts\/63883\/revisions"}],"wp:featuredmedia":[{"embeddable":true,"href":"https:\/\/rdnews.al\/index.php\/wp-json\/wp\/v2\/media\/63884"}],"wp:attachment":[{"href":"https:\/\/rdnews.al\/index.php\/wp-json\/wp\/v2\/media?parent=63883"}],"wp:term":[{"taxonomy":"category","embeddable":true,"href":"https:\/\/rdnews.al\/index.php\/wp-json\/wp\/v2\/categories?post=63883"},{"taxonomy":"post_tag","embeddable":true,"href":"https:\/\/rdnews.al\/index.php\/wp-json\/wp\/v2\/tags?post=63883"}],"curies":[{"name":"wp","href":"https:\/\/api.w.org\/{rel}","templated":true}]}}