{"id":63937,"date":"2023-11-16T12:28:42","date_gmt":"2023-11-16T12:28:42","guid":{"rendered":"https:\/\/rdnews.al\/?p=63937"},"modified":"2023-11-16T12:28:42","modified_gmt":"2023-11-16T12:28:42","slug":"rama-denohet-8-deri-ne-12-vite-burg-per-ndryshimin-e-destinacionit-te-terrenit-te-klubit-sportiv-partizani","status":"publish","type":"post","link":"https:\/\/rdnews.al\/index.php\/2023\/11\/16\/rama-denohet-8-deri-ne-12-vite-burg-per-ndryshimin-e-destinacionit-te-terrenit-te-klubit-sportiv-partizani\/","title":{"rendered":"Rama d\u00ebnohet 8 deri n\u00eb 12 vite burg p\u00ebr ndryshimin e destinacionit t\u00eb terrenit t\u00eb klubit sportiv \u201cPartizani\u201d"},"content":{"rendered":"<p>Kryetari i PD, Sali Berisha tha se, Edi Rama d\u00ebnohet me 8 deri n\u00eb 12 vite burg p\u00ebr ndryshimin e destinacionit t\u00eb terrenit t\u00eb klubit sportiv \u201cPartizani\u201d. Berisha tha se, Edi Rama \u00ebsht\u00eb tashm\u00eb i pakallur me k\u00ebto q\u00eb ka b\u00ebr\u00eb.<br \/>\n\u201cMerre si ta marr\u00ebsh, por un\u00eb dje faktova para jush k\u00ebtu me hart\u00eb dhe dokumente t\u00eb paraqitura nga Edi Rama, se ai \u00ebsht\u00eb autori q\u00eb ka ndryshuar n\u00eb m\u00ebnyr\u00eb t\u00eb kundraligjshme destinacionin e terrenit t\u00eb klubit Partizani, ngha terren sportiv, n\u00eb terren urban.<br \/>\nUn\u00eb nuk e di \u00e7far\u00eb fakti mund t\u2019u paraqes tjet\u00ebr, pasi me k\u00ebt\u00eb fakt, Edi Rama d\u00ebnohet t\u00eb pakt\u00ebn 8 deri n\u00eb 12 vite burg. Un\u00eb nuk po b\u00ebj k\u00ebtu prokurorin e narkoshtetit, un\u00eb po b\u00ebj k\u00ebtu gjyqin publik.<br \/>\nDhe un\u00eb mendoj se me faktet q\u00eb paraqiti vet\u00eb Edi Rama, iu provova shqiptar\u00ebve se ky njeri me ndryshimin q\u00eb i ka b\u00ebr\u00eb destinacionit t\u00eb terrenit sportiv n\u00eb vitin 2006, n\u00eb nj\u00eb koh\u00eb kur nuk ishte e pronar\u00ebve, ishte krejt\u00ebsisht pron\u00eb e shtetit, at\u00ebher\u00eb kjo do t\u00eb thot\u00eb se ata q\u00eb kishin synim k\u00ebt\u00eb pron\u00eb, e paguan apo nuk e paguan at\u00eb, nuk kemi p\u00ebr ta marr\u00eb vesh ndonj\u00ebher\u00eb, por Edi Rama shkeli r\u00ebnd\u00eb ligjin e urbanistik\u00ebs dhe me k\u00ebt\u00eb ligj d\u00ebnohet me t\u00eb pakt\u00ebn 8 vite burg.<br \/>\nPrandaj doli te Bolino ai, nxori hartat dhe sillej e mb\u00ebshtillej.<br \/>\nPo dje, a u p\u00ebrpoq t\u00eb fshihet p\u00ebr pjes\u00ebn tjet\u00ebr prapa ndryshimit t\u00eb ligjit t\u00eb sportit? E thot\u00eb vet\u00eb. Un\u00eb ua citova aty.<br \/>\n\u00c7far\u00eb doli aty? Ligji i sportit p\u00ebrkundrazi vet\u00ebm sa e sakt\u00ebsonte, kishte respektuar pron\u00ebsin\u00eb e pronar\u00ebve, por kurr\u00eb ndryshimin e destinacionit.<br \/>\nKurse Edi Rama me kompanin\u00eb zvicerane UrboPlan, me t\u00eb cil\u00ebn jan\u00eb marr\u00eb dy persona, se ky Shalsi ka qen\u00eb si pun\u00eb vullnetari, paskan qen\u00eb Artan Dhuli dhe ministrja Majlinda Dhuli. K\u00ebta kan\u00eb qen\u00eb dy personat e ngarkuar p\u00ebr planin zviceran, n\u00eb t\u00eb cilin Edi Rama e ka l\u00ebn\u00eb zon\u00eb urbane.<br \/>\nA nuk jan\u00eb k\u00ebto d\u00ebshmi flagrante t\u00eb nj\u00eb shkelje madhore t\u00eb ligjit nga ish-kryetari i bashkis\u00eb?<br \/>\nPastaj, pse nuk paskam t\u00eb drejt\u00eb un\u00eb, si nuk qena e drejt\u00eb q\u00eb t\u00eb deklaroj se dacibao \u00ebsht\u00eb shkruar n\u00eb zyrat e Edi Ram\u00ebs, kur ai vet\u00eb del dhe citon dacibaon.<br \/>\nNuk i thash\u00eb un\u00eb Edi Ram\u00ebs q\u00eb dil pak te Bolino e na thuaj se e b\u00ebra pas ndryshimit t\u00eb ligjit p\u00ebr sportin. E b\u00ebri vet\u00eb at\u00eb se e ka miz\u00ebn n\u00ebn k\u00ebsul\u00eb. Dhe doli e citoi dacibaon.<br \/>\nAt\u00ebher\u00eb, a d\u00ebshmon se Edi Rama \u00ebsht\u00eb pas dacibaos.<br \/>\nKurse sot, e nj\u00ebjta gj\u00eb \u00ebsht\u00eb th\u00ebn\u00eb p\u00ebr ligjin e pronave. Po aty thot\u00eb se edhe ndryshimi i kryetarit, ishte komision dhe u b\u00eb agjenci, erdhi nj\u00eb pedagoge, Justina Bori\u00e7i n\u00eb timonin e k\u00ebsaj agjencie, e kan\u00eb marr\u00eb n\u00eb pyetje nj\u00eblloj si n\u00eb zyrat e Sigurimit t\u00eb Shtetit.<br \/>\nM\u00eb fal p\u00ebr shprehjen, po jan\u00eb edhe budallenj. Se sigurisht kryeministri nuk mund t\u00eb em\u00ebroj\u00eb pa u njohur me CV dhe t\u00eb gjitha, nj\u00eb drejtor t\u00eb nj\u00eb agjencie me r\u00ebnd\u00ebsi komb\u00ebtare, si\u00e7 \u00ebsht\u00eb agjencia e kthimit dhe kompensimit t\u00eb pronave.<br \/>\nSepse \u00e7do i em\u00ebruar n\u00eb poste t\u00eb larta, nuk ndodh si me Edi Ram\u00ebn, q\u00eb e marrin vesh nga televizori, jo sepse do k\u00ebrkosh edhe mendimin, do pranoj\u00eb apo jo n\u00eb radh\u00eb t\u00eb par\u00eb.<br \/>\nDhe k\u00ebt\u00eb ata, me porosi t\u00eb Edi Ram\u00ebs, le q\u00eb jan\u00eb p\u00ebrpjekur me t\u00eb gjitha format.<br \/>\nPor nuk \u00ebsht\u00eb q\u00ebllimi, por k\u00ebta p\u00ebrdorin si argument se \u00ebsht\u00eb favorizuar Jamarb\u00ebr Malltezi, pra p\u00ebr t\u00eb m\u00eb inkriminuar mua thon\u00eb se jan\u00eb b\u00ebr\u00eb ndryshime n\u00eb ligjin e pronave. Un\u00eb e shpjegova pjes\u00ebn kryesore, ka edhe nj\u00eb pjes\u00eb tjet\u00ebr q\u00eb do e shpjegoj n\u00eb seanc\u00ebn tjet\u00ebr t\u00eb gjyqit publik kund\u00ebr Edi Ram\u00ebs.<br \/>\nNuk ka avokat n\u00eb bot\u00eb q\u00eb e mbron Edi Ram\u00ebn. Edi Rama \u00ebsht\u00eb tashm\u00eb i pakallur me k\u00ebto q\u00eb ka b\u00ebr\u00eb\u201d, u shpreh Berisha.<\/p>\n","protected":false},"excerpt":{"rendered":"<p>Kryetari i PD, Sali Berisha tha se, Edi Rama d\u00ebnohet me 8 deri n\u00eb 12 vite burg p\u00ebr ndryshimin e destinacionit t\u00eb terrenit t\u00eb klubit sportiv \u201cPartizani\u201d. Berisha tha se, Edi Rama \u00ebsht\u00eb tashm\u00eb i pakallur me k\u00ebto q\u00eb ka b\u00ebr\u00eb. \u201cMerre si ta marr\u00ebsh, por un\u00eb dje faktova para jush k\u00ebtu me hart\u00eb dhe &hellip;<\/p>\n","protected":false},"author":4,"featured_media":63938,"comment_status":"closed","ping_status":"closed","sticky":false,"template":"","format":"standard","meta":{"footnotes":""},"categories":[37],"tags":[],"class_list":["post-63937","post","type-post","status-publish","format-standard","has-post-thumbnail","","category-politike"],"_links":{"self":[{"href":"https:\/\/rdnews.al\/index.php\/wp-json\/wp\/v2\/posts\/63937","targetHints":{"allow":["GET"]}}],"collection":[{"href":"https:\/\/rdnews.al\/index.php\/wp-json\/wp\/v2\/posts"}],"about":[{"href":"https:\/\/rdnews.al\/index.php\/wp-json\/wp\/v2\/types\/post"}],"author":[{"embeddable":true,"href":"https:\/\/rdnews.al\/index.php\/wp-json\/wp\/v2\/users\/4"}],"replies":[{"embeddable":true,"href":"https:\/\/rdnews.al\/index.php\/wp-json\/wp\/v2\/comments?post=63937"}],"version-history":[{"count":0,"href":"https:\/\/rdnews.al\/index.php\/wp-json\/wp\/v2\/posts\/63937\/revisions"}],"wp:featuredmedia":[{"embeddable":true,"href":"https:\/\/rdnews.al\/index.php\/wp-json\/wp\/v2\/media\/63938"}],"wp:attachment":[{"href":"https:\/\/rdnews.al\/index.php\/wp-json\/wp\/v2\/media?parent=63937"}],"wp:term":[{"taxonomy":"category","embeddable":true,"href":"https:\/\/rdnews.al\/index.php\/wp-json\/wp\/v2\/categories?post=63937"},{"taxonomy":"post_tag","embeddable":true,"href":"https:\/\/rdnews.al\/index.php\/wp-json\/wp\/v2\/tags?post=63937"}],"curies":[{"name":"wp","href":"https:\/\/api.w.org\/{rel}","templated":true}]}}